{"id":9387,"date":"2024-09-17T13:07:25","date_gmt":"2024-09-17T11:07:25","guid":{"rendered":"https:\/\/www.plataformadenaria.com\/2024\/09\/17\/jaen-ya-es-la-unica-provincia-espanola-que-no-tiene-exclusion-financiera\/"},"modified":"2024-12-04T13:33:45","modified_gmt":"2024-12-04T12:33:45","slug":"jaen-is-now-the-only-spanish-province-with-no-financial-exclusion","status":"publish","type":"post","link":"https:\/\/www.plataformadenaria.com\/en\/2024\/09\/17\/jaen-is-now-the-only-spanish-province-with-no-financial-exclusion\/","title":{"rendered":"Ja\u00e9n is now the only Spanish province with no financial exclusion"},"content":{"rendered":"<p data-renderer-start-pos=\"18\">Hay ocasiones en las que los propios jiennenses agachan la cabeza al escuchar hablar mal de su tierra. No se puede negar que hay motivos para ello, teniendo en cuenta que <strong data-renderer-mark=\"true\">el territorio jiennense muestra numerosas deficiencias en varios aspectos.<\/strong> Sin embargo, tambi\u00e9n <strong data-renderer-mark=\"true\">hay otros muchos motivos para sacar pecho, sentirse orgullosos y ser referente para otros lugares del pa\u00eds.<\/strong><\/p>\n<p data-renderer-start-pos=\"394\">Eso es, precisamente, lo que ha pretendido Caja Rural de Ja\u00e9n, al sellar un <strong data-renderer-mark=\"true\">\u201chito hist\u00f3rico\u201d<\/strong> hace pocas horas. Hablamos de la <strong data-renderer-mark=\"true\">apertura de una sucursal bancaria en el municipio vecino de Espeluy.<\/strong> Sin un contexto, quiz\u00e1s, algunos de los lectores no den valor a este hecho, pero realmente s\u00ed lo tiene. <strong data-renderer-mark=\"true\">Espeluy era la \u00fanica localidad jiennense con ausencia de oficinas de Caja Rural, y desde este lunes deja de serlo.<\/strong><\/p>\n<p data-renderer-start-pos=\"809\">Horas despu\u00e9s de este acto de inauguraci\u00f3n, este medio de comunicaci\u00f3n contin\u00faa recogiendo testimonios de un d\u00eda \u201chist\u00f3rico\u201d, tal y como defini\u00f3 el propio alcalde de Espeluy, Sebasti\u00e1n Lijarcio. <strong data-renderer-mark=\"true\">Este reconoc\u00eda que la vida de sus vecinos \u201cva a cambiar\u201d<\/strong> despu\u00e9s de la apertura de esta oficina, que ya recibe a vecinos de Espeluy. <strong data-renderer-mark=\"true\">\u201cEstamos ante un d\u00eda hist\u00f3rico; yo llevo un a\u00f1o de legislatura y es un verdadero orgullo que tengamos una sucursal bancaria en el municipio, que era la \u00faltima que quedaba para completar el mapa de la provincia<\/strong>, lo que supone un plus de satisfacci\u00f3n. Caja Rural estaba presente en 96 municipios de la provincia, y ahora Espeluy se suma a ese mapa\u201d. En ese mismo sentido, Lijarcio a\u00f1ad\u00eda que <strong data-renderer-mark=\"true\">\u201cuna de las principales demandas era disponer de un cajero autom\u00e1tico<\/strong>, y con \u00e9l ya tenemos servicio de 24 horas. <strong data-renderer-mark=\"true\">Antes los vecinos deb\u00edan ir a Meng\u00edbar, Cazalilla o Villanueva de la Reina,<\/strong> y ahora contamos con ese servicio m\u00ednimo\u201d.<\/p>\n<p data-renderer-start-pos=\"1760\">Con satisfacci\u00f3n tambi\u00e9n hablaba en las \u00faltimas horas el presidente de Caja Rural, Juan N\u00fa\u00f1ez. Este insist\u00eda en que se trataba de \u201cun d\u00eda especialmente significativo para la Caja Rural de Ja\u00e9n, <strong data-renderer-mark=\"true\">porque se confirma nuestra intenci\u00f3n de estar en todos los pueblos de Ja\u00e9n, as\u00ed como en 18 pedan\u00edas, en todo el territorio jiennense.<\/strong> Nuestra entidad tiene una pol\u00edtica muy diferente a otras, que concentran su actividad en grandes ciudades, mientras que <strong data-renderer-mark=\"true\">nosotros no abandonamos a los pueblos por peque\u00f1os que sean.<\/strong> Nuestro objetivo no es la rentabilidad, sino el servicio. Gracias a nosotros, y no los dem\u00e1s, <strong data-renderer-mark=\"true\">Ja\u00e9n es la \u00fanica provincia de Espa\u00f1a que no tiene exclusi\u00f3n financiera al estar en todos los pueblos.<\/strong> Nosotros <strong data-renderer-mark=\"true\">no podemos abandonar a las personas mayores o a los pueblos peque\u00f1os<\/strong>, queremos identificarnos con nuestra provincia y <strong data-renderer-mark=\"true\">los pueblos tienen que tener los mismos derechos que las grandes ciudades\u201d.<\/strong><\/p>\n<p data-renderer-start-pos=\"2669\">Por otro lado, este medio de comunicaci\u00f3n ten\u00eda la oportunidad de <strong data-renderer-mark=\"true\">pulsar las sensaciones de los vecinos de Espeluy.<\/strong> Ellos tambi\u00e9n se felicitaban por el desembarco de Caja Rural en su pueblo, as\u00ed como por disponer de <strong data-renderer-mark=\"true\">un cajero 24 horas<\/strong>, \u201cdespu\u00e9s de no tener ninguno, algo que nos obligaba a desplazarnos a Cazalilla, por ejemplo. <strong data-renderer-mark=\"true\">Yo llevo 23 a\u00f1os utilizando el cajero de Caja Rural, pero en otros sitios\u201d<\/strong>, explicaba uno de los vecinos de Espeluy a VIVA Ja\u00e9n y 7TV Ja\u00e9n.<\/p>\n<p data-renderer-start-pos=\"3139\">Fuente: <strong><span style=\"text-decoration: underline;\"><a href=\"https:\/\/andaluciainformacion.es\/jaen\/1758315\/jaen-ya-es-la-unica-provincia-espanola-que-no-tiene-exclusion-financiera\/\" target=\"_blank\" rel=\"noopener\">Andaluc\u00eda Informaci\u00f3n<\/a><\/span><\/strong><\/p>\n","protected":false},"excerpt":{"rendered":"<p>Hay ocasiones en las que los propios jiennenses agachan la cabeza al escuchar hablar mal de su tierra. No se puede negar que hay motivos para ello, teniendo en cuenta que el territorio jiennense muestra numerosas deficiencias en varios aspectos. Sin embargo, tambi\u00e9n hay otros muchos motivos para sacar pecho, sentirse orgullosos y ser referente [&hellip;]<\/p>\n","protected":false},"author":3,"featured_media":2348,"comment_status":"open","ping_status":"closed","sticky":false,"template":"","format":"standard","meta":{"footnotes":""},"categories":[2],"tags":[],"class_list":["post-9387","post","type-post","status-publish","format-standard","has-post-thumbnail","hentry","category-news"],"yoast_head":"<!-- This site is optimized with the Yoast SEO plugin v25.1 - https:\/\/yoast.com\/wordpress\/plugins\/seo\/ -->\n<title>Ja\u00e9n is now the only Spanish province with no financial exclusion - Denaria<\/title>\n<meta name=\"robots\" content=\"index, follow, max-snippet:-1, max-image-preview:large, max-video-preview:-1\" \/>\n<link rel=\"canonical\" href=\"https:\/\/www.plataformadenaria.com\/en\/2024\/09\/17\/jaen-is-now-the-only-spanish-province-with-no-financial-exclusion\/\" \/>\n<meta property=\"og:locale\" content=\"en_US\" \/>\n<meta property=\"og:type\" content=\"article\" \/>\n<meta property=\"og:title\" content=\"Ja\u00e9n is now the only Spanish province with no financial exclusion - Denaria\" \/>\n<meta property=\"og:description\" content=\"Hay ocasiones en las que los propios jiennenses agachan la cabeza al escuchar hablar mal de su tierra. No se puede negar que hay motivos para ello, teniendo en cuenta que el territorio jiennense muestra numerosas deficiencias en varios aspectos. Sin embargo, tambi\u00e9n hay otros muchos motivos para sacar pecho, sentirse orgullosos y ser referente [&hellip;]\" \/>\n<meta property=\"og:url\" content=\"https:\/\/www.plataformadenaria.com\/en\/2024\/09\/17\/jaen-is-now-the-only-spanish-province-with-no-financial-exclusion\/\" \/>\n<meta property=\"og:site_name\" content=\"Denaria\" \/>\n<meta property=\"article:published_time\" content=\"2024-09-17T11:07:25+00:00\" \/>\n<meta property=\"article:modified_time\" content=\"2024-12-04T12:33:45+00:00\" \/>\n<meta property=\"og:image\" content=\"https:\/\/www.plataformadenaria.com\/wp-content\/uploads\/2022\/11\/denaria-web-8.png\" \/>\n\t<meta property=\"og:image:width\" content=\"1920\" \/>\n\t<meta property=\"og:image:height\" content=\"1302\" \/>\n\t<meta property=\"og:image:type\" content=\"image\/png\" \/>\n<meta name=\"author\" content=\"pdenaria\" \/>\n<meta name=\"twitter:card\" content=\"summary_large_image\" \/>\n<meta name=\"twitter:label1\" content=\"Written by\" \/>\n\t<meta name=\"twitter:data1\" content=\"pdenaria\" \/>\n\t<meta name=\"twitter:label2\" content=\"Est. reading time\" \/>\n\t<meta name=\"twitter:data2\" content=\"3 minutes\" \/>\n<script type=\"application\/ld+json\" class=\"yoast-schema-graph\">{\"@context\":\"https:\/\/schema.org\",\"@graph\":[{\"@type\":\"WebPage\",\"@id\":\"https:\/\/www.plataformadenaria.com\/en\/2024\/09\/17\/jaen-is-now-the-only-spanish-province-with-no-financial-exclusion\/\",\"url\":\"https:\/\/www.plataformadenaria.com\/en\/2024\/09\/17\/jaen-is-now-the-only-spanish-province-with-no-financial-exclusion\/\",\"name\":\"Ja\u00e9n is now the only Spanish province with no financial exclusion - Denaria\",\"isPartOf\":{\"@id\":\"https:\/\/www.plataformadenaria.com\/#website\"},\"primaryImageOfPage\":{\"@id\":\"https:\/\/www.plataformadenaria.com\/en\/2024\/09\/17\/jaen-is-now-the-only-spanish-province-with-no-financial-exclusion\/#primaryimage\"},\"image\":{\"@id\":\"https:\/\/www.plataformadenaria.com\/en\/2024\/09\/17\/jaen-is-now-the-only-spanish-province-with-no-financial-exclusion\/#primaryimage\"},\"thumbnailUrl\":\"https:\/\/www.plataformadenaria.com\/wp-content\/uploads\/2022\/11\/denaria-web-8.png\",\"datePublished\":\"2024-09-17T11:07:25+00:00\",\"dateModified\":\"2024-12-04T12:33:45+00:00\",\"author\":{\"@id\":\"https:\/\/www.plataformadenaria.com\/#\/schema\/person\/9fe514788f94253d68a2d379d3f65c53\"},\"inLanguage\":\"en-US\",\"potentialAction\":[{\"@type\":\"ReadAction\",\"target\":[\"https:\/\/www.plataformadenaria.com\/en\/2024\/09\/17\/jaen-is-now-the-only-spanish-province-with-no-financial-exclusion\/\"]}]},{\"@type\":\"ImageObject\",\"inLanguage\":\"en-US\",\"@id\":\"https:\/\/www.plataformadenaria.com\/en\/2024\/09\/17\/jaen-is-now-the-only-spanish-province-with-no-financial-exclusion\/#primaryimage\",\"url\":\"https:\/\/www.plataformadenaria.com\/wp-content\/uploads\/2022\/11\/denaria-web-8.png\",\"contentUrl\":\"https:\/\/www.plataformadenaria.com\/wp-content\/uploads\/2022\/11\/denaria-web-8.png\",\"width\":1920,\"height\":1302},{\"@type\":\"WebSite\",\"@id\":\"https:\/\/www.plataformadenaria.com\/#website\",\"url\":\"https:\/\/www.plataformadenaria.com\/\",\"name\":\"Denaria\",\"description\":\"Plataforma Denaria\",\"potentialAction\":[{\"@type\":\"SearchAction\",\"target\":{\"@type\":\"EntryPoint\",\"urlTemplate\":\"https:\/\/www.plataformadenaria.com\/?s={search_term_string}\"},\"query-input\":{\"@type\":\"PropertyValueSpecification\",\"valueRequired\":true,\"valueName\":\"search_term_string\"}}],\"inLanguage\":\"en-US\"},{\"@type\":\"Person\",\"@id\":\"https:\/\/www.plataformadenaria.com\/#\/schema\/person\/9fe514788f94253d68a2d379d3f65c53\",\"name\":\"pdenaria\",\"image\":{\"@type\":\"ImageObject\",\"inLanguage\":\"en-US\",\"@id\":\"https:\/\/www.plataformadenaria.com\/#\/schema\/person\/image\/\",\"url\":\"https:\/\/secure.gravatar.com\/avatar\/6d581fefc47344f9c33caca9749a8fc866f9a53f908cec60853e93b77c3e7bfb?s=96&d=mm&r=g\",\"contentUrl\":\"https:\/\/secure.gravatar.com\/avatar\/6d581fefc47344f9c33caca9749a8fc866f9a53f908cec60853e93b77c3e7bfb?s=96&d=mm&r=g\",\"caption\":\"pdenaria\"},\"url\":\"https:\/\/www.plataformadenaria.com\/en\/author\/pdenaria\/\"}]}<\/script>\n<!-- \/ Yoast SEO plugin. -->","yoast_head_json":{"title":"Ja\u00e9n is now the only Spanish province with no financial exclusion - Denaria","robots":{"index":"index","follow":"follow","max-snippet":"max-snippet:-1","max-image-preview":"max-image-preview:large","max-video-preview":"max-video-preview:-1"},"canonical":"https:\/\/www.plataformadenaria.com\/en\/2024\/09\/17\/jaen-is-now-the-only-spanish-province-with-no-financial-exclusion\/","og_locale":"en_US","og_type":"article","og_title":"Ja\u00e9n is now the only Spanish province with no financial exclusion - Denaria","og_description":"Hay ocasiones en las que los propios jiennenses agachan la cabeza al escuchar hablar mal de su tierra. No se puede negar que hay motivos para ello, teniendo en cuenta que el territorio jiennense muestra numerosas deficiencias en varios aspectos. Sin embargo, tambi\u00e9n hay otros muchos motivos para sacar pecho, sentirse orgullosos y ser referente [&hellip;]","og_url":"https:\/\/www.plataformadenaria.com\/en\/2024\/09\/17\/jaen-is-now-the-only-spanish-province-with-no-financial-exclusion\/","og_site_name":"Denaria","article_published_time":"2024-09-17T11:07:25+00:00","article_modified_time":"2024-12-04T12:33:45+00:00","og_image":[{"width":1920,"height":1302,"url":"https:\/\/www.plataformadenaria.com\/wp-content\/uploads\/2022\/11\/denaria-web-8.png","type":"image\/png"}],"author":"pdenaria","twitter_card":"summary_large_image","twitter_misc":{"Written by":"pdenaria","Est. reading time":"3 minutes"},"schema":{"@context":"https:\/\/schema.org","@graph":[{"@type":"WebPage","@id":"https:\/\/www.plataformadenaria.com\/en\/2024\/09\/17\/jaen-is-now-the-only-spanish-province-with-no-financial-exclusion\/","url":"https:\/\/www.plataformadenaria.com\/en\/2024\/09\/17\/jaen-is-now-the-only-spanish-province-with-no-financial-exclusion\/","name":"Ja\u00e9n is now the only Spanish province with no financial exclusion - Denaria","isPartOf":{"@id":"https:\/\/www.plataformadenaria.com\/#website"},"primaryImageOfPage":{"@id":"https:\/\/www.plataformadenaria.com\/en\/2024\/09\/17\/jaen-is-now-the-only-spanish-province-with-no-financial-exclusion\/#primaryimage"},"image":{"@id":"https:\/\/www.plataformadenaria.com\/en\/2024\/09\/17\/jaen-is-now-the-only-spanish-province-with-no-financial-exclusion\/#primaryimage"},"thumbnailUrl":"https:\/\/www.plataformadenaria.com\/wp-content\/uploads\/2022\/11\/denaria-web-8.png","datePublished":"2024-09-17T11:07:25+00:00","dateModified":"2024-12-04T12:33:45+00:00","author":{"@id":"https:\/\/www.plataformadenaria.com\/#\/schema\/person\/9fe514788f94253d68a2d379d3f65c53"},"inLanguage":"en-US","potentialAction":[{"@type":"ReadAction","target":["https:\/\/www.plataformadenaria.com\/en\/2024\/09\/17\/jaen-is-now-the-only-spanish-province-with-no-financial-exclusion\/"]}]},{"@type":"ImageObject","inLanguage":"en-US","@id":"https:\/\/www.plataformadenaria.com\/en\/2024\/09\/17\/jaen-is-now-the-only-spanish-province-with-no-financial-exclusion\/#primaryimage","url":"https:\/\/www.plataformadenaria.com\/wp-content\/uploads\/2022\/11\/denaria-web-8.png","contentUrl":"https:\/\/www.plataformadenaria.com\/wp-content\/uploads\/2022\/11\/denaria-web-8.png","width":1920,"height":1302},{"@type":"WebSite","@id":"https:\/\/www.plataformadenaria.com\/#website","url":"https:\/\/www.plataformadenaria.com\/","name":"Denaria","description":"Plataforma Denaria","potentialAction":[{"@type":"SearchAction","target":{"@type":"EntryPoint","urlTemplate":"https:\/\/www.plataformadenaria.com\/?s={search_term_string}"},"query-input":{"@type":"PropertyValueSpecification","valueRequired":true,"valueName":"search_term_string"}}],"inLanguage":"en-US"},{"@type":"Person","@id":"https:\/\/www.plataformadenaria.com\/#\/schema\/person\/9fe514788f94253d68a2d379d3f65c53","name":"pdenaria","image":{"@type":"ImageObject","inLanguage":"en-US","@id":"https:\/\/www.plataformadenaria.com\/#\/schema\/person\/image\/","url":"https:\/\/secure.gravatar.com\/avatar\/6d581fefc47344f9c33caca9749a8fc866f9a53f908cec60853e93b77c3e7bfb?s=96&d=mm&r=g","contentUrl":"https:\/\/secure.gravatar.com\/avatar\/6d581fefc47344f9c33caca9749a8fc866f9a53f908cec60853e93b77c3e7bfb?s=96&d=mm&r=g","caption":"pdenaria"},"url":"https:\/\/www.plataformadenaria.com\/en\/author\/pdenaria\/"}]}},"_links":{"self":[{"href":"https:\/\/www.plataformadenaria.com\/en\/wp-json\/wp\/v2\/posts\/9387","targetHints":{"allow":["GET"]}}],"collection":[{"href":"https:\/\/www.plataformadenaria.com\/en\/wp-json\/wp\/v2\/posts"}],"about":[{"href":"https:\/\/www.plataformadenaria.com\/en\/wp-json\/wp\/v2\/types\/post"}],"author":[{"embeddable":true,"href":"https:\/\/www.plataformadenaria.com\/en\/wp-json\/wp\/v2\/users\/3"}],"replies":[{"embeddable":true,"href":"https:\/\/www.plataformadenaria.com\/en\/wp-json\/wp\/v2\/comments?post=9387"}],"version-history":[{"count":1,"href":"https:\/\/www.plataformadenaria.com\/en\/wp-json\/wp\/v2\/posts\/9387\/revisions"}],"predecessor-version":[{"id":9409,"href":"https:\/\/www.plataformadenaria.com\/en\/wp-json\/wp\/v2\/posts\/9387\/revisions\/9409"}],"wp:featuredmedia":[{"embeddable":true,"href":"https:\/\/www.plataformadenaria.com\/en\/wp-json\/wp\/v2\/media\/2348"}],"wp:attachment":[{"href":"https:\/\/www.plataformadenaria.com\/en\/wp-json\/wp\/v2\/media?parent=9387"}],"wp:term":[{"taxonomy":"category","embeddable":true,"href":"https:\/\/www.plataformadenaria.com\/en\/wp-json\/wp\/v2\/categories?post=9387"},{"taxonomy":"post_tag","embeddable":true,"href":"https:\/\/www.plataformadenaria.com\/en\/wp-json\/wp\/v2\/tags?post=9387"}],"curies":[{"name":"wp","href":"https:\/\/api.w.org\/{rel}","templated":true}]}}