{"id":5223,"date":"2023-10-24T12:52:21","date_gmt":"2023-10-24T10:52:21","guid":{"rendered":"https:\/\/www.plataformadenaria.com\/2023\/10\/24\/entrevista-a-javier-ruperez-en-la-cope-por-angel-exposito\/"},"modified":"2023-11-28T11:01:04","modified_gmt":"2023-11-28T10:01:04","slug":"interview-to-javier-ruperez-in-the-cope-by-angel-exposito","status":"publish","type":"post","link":"https:\/\/www.plataformadenaria.com\/en\/2023\/10\/24\/interview-to-javier-ruperez-in-the-cope-by-angel-exposito\/","title":{"rendered":"Interview to Javier Rup\u00e9rez in the Cope by \u00c1ngel Exp\u00f3sito"},"content":{"rendered":"<p>El presidente de la Plataforma Denaria Javier Rup\u00e9rez, fue entrevistado en la\u00a0<span class=\"il\">Cope<\/span>\u00a0por \u00c1ngel Exp\u00f3sito para hablar acerca de la\u00a0carta enviada a la presidenta de la Comisi\u00f3n Europea \u00darsula von der Leyen sobre las carencias de la propuesta legislativa del curso legal del efectivo en comparaci\u00f3n con la propuesta legislativa del euro digital.<\/p>\n<div>Tambi\u00e9n aprovech\u00f3 para ensalzar las ventajas del efectivo, su uso entre los j\u00f3venes, as\u00ed como para recordar el canal gratuito de denuncias que Denaria pone a disposici\u00f3n de los usuarios para aquellos casos en los que no se acepta efectivo.<\/div>\n<div><\/div>\n<div>Escucha la entrevista completa a partir del minuto 38.40 pinchando este <strong><span style=\"text-decoration: underline;\"><a href=\"https:\/\/www.cope.es\/programas\/la-linterna\/audios\/linterna-con-angel-exposito-04-10-2023-21h-20231004_2360155\" target=\"_blank\" rel=\"noopener\">enlace<\/a><\/span><\/strong>.<\/div>\n","protected":false},"excerpt":{"rendered":"<p>El presidente de la Plataforma Denaria Javier Rup\u00e9rez, fue entrevistado en la\u00a0Cope\u00a0por \u00c1ngel Exp\u00f3sito para hablar acerca de la\u00a0carta enviada a la presidenta de la Comisi\u00f3n Europea \u00darsula von der Leyen sobre las carencias de la propuesta legislativa del curso legal del efectivo en comparaci\u00f3n con la propuesta legislativa del euro digital. Tambi\u00e9n aprovech\u00f3 para [&hellip;]<\/p>\n","protected":false},"author":3,"featured_media":2229,"comment_status":"open","ping_status":"closed","sticky":false,"template":"","format":"standard","meta":{"footnotes":""},"categories":[35],"tags":[],"class_list":["post-5223","post","type-post","status-publish","format-standard","has-post-thumbnail","hentry","category-denaria-in-the-media"],"yoast_head":"<!-- This site is optimized with the Yoast SEO plugin v25.1 - https:\/\/yoast.com\/wordpress\/plugins\/seo\/ -->\n<title>Interview to Javier Rup\u00e9rez in the Cope by \u00c1ngel Exp\u00f3sito - Denaria<\/title>\n<meta name=\"robots\" content=\"index, follow, max-snippet:-1, max-image-preview:large, max-video-preview:-1\" \/>\n<link rel=\"canonical\" href=\"https:\/\/www.plataformadenaria.com\/en\/2023\/10\/24\/interview-to-javier-ruperez-in-the-cope-by-angel-exposito\/\" \/>\n<meta property=\"og:locale\" content=\"en_US\" \/>\n<meta property=\"og:type\" content=\"article\" \/>\n<meta property=\"og:title\" content=\"Interview to Javier Rup\u00e9rez in the Cope by \u00c1ngel Exp\u00f3sito - Denaria\" \/>\n<meta property=\"og:description\" content=\"El presidente de la Plataforma Denaria Javier Rup\u00e9rez, fue entrevistado en la\u00a0Cope\u00a0por \u00c1ngel Exp\u00f3sito para hablar acerca de la\u00a0carta enviada a la presidenta de la Comisi\u00f3n Europea \u00darsula von der Leyen sobre las carencias de la propuesta legislativa del curso legal del efectivo en comparaci\u00f3n con la propuesta legislativa del euro digital. Tambi\u00e9n aprovech\u00f3 para [&hellip;]\" \/>\n<meta property=\"og:url\" content=\"https:\/\/www.plataformadenaria.com\/en\/2023\/10\/24\/interview-to-javier-ruperez-in-the-cope-by-angel-exposito\/\" \/>\n<meta property=\"og:site_name\" content=\"Denaria\" \/>\n<meta property=\"article:published_time\" content=\"2023-10-24T10:52:21+00:00\" \/>\n<meta property=\"article:modified_time\" content=\"2023-11-28T10:01:04+00:00\" \/>\n<meta property=\"og:image\" content=\"https:\/\/www.plataformadenaria.com\/wp-content\/uploads\/2022\/10\/plataforma-denaria.png\" \/>\n\t<meta property=\"og:image:width\" content=\"990\" \/>\n\t<meta property=\"og:image:height\" content=\"671\" \/>\n\t<meta property=\"og:image:type\" content=\"image\/png\" \/>\n<meta name=\"author\" content=\"pdenaria\" \/>\n<meta name=\"twitter:card\" content=\"summary_large_image\" \/>\n<meta name=\"twitter:label1\" content=\"Written by\" \/>\n\t<meta name=\"twitter:data1\" content=\"pdenaria\" \/>\n\t<meta name=\"twitter:label2\" content=\"Est. reading time\" \/>\n\t<meta name=\"twitter:data2\" content=\"1 minute\" \/>\n<script type=\"application\/ld+json\" class=\"yoast-schema-graph\">{\"@context\":\"https:\/\/schema.org\",\"@graph\":[{\"@type\":\"WebPage\",\"@id\":\"https:\/\/www.plataformadenaria.com\/en\/2023\/10\/24\/interview-to-javier-ruperez-in-the-cope-by-angel-exposito\/\",\"url\":\"https:\/\/www.plataformadenaria.com\/en\/2023\/10\/24\/interview-to-javier-ruperez-in-the-cope-by-angel-exposito\/\",\"name\":\"Interview to Javier Rup\u00e9rez in the Cope by \u00c1ngel Exp\u00f3sito - Denaria\",\"isPartOf\":{\"@id\":\"https:\/\/www.plataformadenaria.com\/#website\"},\"primaryImageOfPage\":{\"@id\":\"https:\/\/www.plataformadenaria.com\/en\/2023\/10\/24\/interview-to-javier-ruperez-in-the-cope-by-angel-exposito\/#primaryimage\"},\"image\":{\"@id\":\"https:\/\/www.plataformadenaria.com\/en\/2023\/10\/24\/interview-to-javier-ruperez-in-the-cope-by-angel-exposito\/#primaryimage\"},\"thumbnailUrl\":\"https:\/\/www.plataformadenaria.com\/wp-content\/uploads\/2022\/10\/plataforma-denaria.png\",\"datePublished\":\"2023-10-24T10:52:21+00:00\",\"dateModified\":\"2023-11-28T10:01:04+00:00\",\"author\":{\"@id\":\"https:\/\/www.plataformadenaria.com\/#\/schema\/person\/9fe514788f94253d68a2d379d3f65c53\"},\"inLanguage\":\"en-US\",\"potentialAction\":[{\"@type\":\"ReadAction\",\"target\":[\"https:\/\/www.plataformadenaria.com\/en\/2023\/10\/24\/interview-to-javier-ruperez-in-the-cope-by-angel-exposito\/\"]}]},{\"@type\":\"ImageObject\",\"inLanguage\":\"en-US\",\"@id\":\"https:\/\/www.plataformadenaria.com\/en\/2023\/10\/24\/interview-to-javier-ruperez-in-the-cope-by-angel-exposito\/#primaryimage\",\"url\":\"https:\/\/www.plataformadenaria.com\/wp-content\/uploads\/2022\/10\/plataforma-denaria.png\",\"contentUrl\":\"https:\/\/www.plataformadenaria.com\/wp-content\/uploads\/2022\/10\/plataforma-denaria.png\",\"width\":990,\"height\":671},{\"@type\":\"WebSite\",\"@id\":\"https:\/\/www.plataformadenaria.com\/#website\",\"url\":\"https:\/\/www.plataformadenaria.com\/\",\"name\":\"Denaria\",\"description\":\"Plataforma Denaria\",\"potentialAction\":[{\"@type\":\"SearchAction\",\"target\":{\"@type\":\"EntryPoint\",\"urlTemplate\":\"https:\/\/www.plataformadenaria.com\/?s={search_term_string}\"},\"query-input\":{\"@type\":\"PropertyValueSpecification\",\"valueRequired\":true,\"valueName\":\"search_term_string\"}}],\"inLanguage\":\"en-US\"},{\"@type\":\"Person\",\"@id\":\"https:\/\/www.plataformadenaria.com\/#\/schema\/person\/9fe514788f94253d68a2d379d3f65c53\",\"name\":\"pdenaria\",\"image\":{\"@type\":\"ImageObject\",\"inLanguage\":\"en-US\",\"@id\":\"https:\/\/www.plataformadenaria.com\/#\/schema\/person\/image\/\",\"url\":\"https:\/\/secure.gravatar.com\/avatar\/6d581fefc47344f9c33caca9749a8fc866f9a53f908cec60853e93b77c3e7bfb?s=96&d=mm&r=g\",\"contentUrl\":\"https:\/\/secure.gravatar.com\/avatar\/6d581fefc47344f9c33caca9749a8fc866f9a53f908cec60853e93b77c3e7bfb?s=96&d=mm&r=g\",\"caption\":\"pdenaria\"},\"url\":\"https:\/\/www.plataformadenaria.com\/en\/author\/pdenaria\/\"}]}<\/script>\n<!-- \/ Yoast SEO plugin. -->","yoast_head_json":{"title":"Interview to Javier Rup\u00e9rez in the Cope by \u00c1ngel Exp\u00f3sito - Denaria","robots":{"index":"index","follow":"follow","max-snippet":"max-snippet:-1","max-image-preview":"max-image-preview:large","max-video-preview":"max-video-preview:-1"},"canonical":"https:\/\/www.plataformadenaria.com\/en\/2023\/10\/24\/interview-to-javier-ruperez-in-the-cope-by-angel-exposito\/","og_locale":"en_US","og_type":"article","og_title":"Interview to Javier Rup\u00e9rez in the Cope by \u00c1ngel Exp\u00f3sito - Denaria","og_description":"El presidente de la Plataforma Denaria Javier Rup\u00e9rez, fue entrevistado en la\u00a0Cope\u00a0por \u00c1ngel Exp\u00f3sito para hablar acerca de la\u00a0carta enviada a la presidenta de la Comisi\u00f3n Europea \u00darsula von der Leyen sobre las carencias de la propuesta legislativa del curso legal del efectivo en comparaci\u00f3n con la propuesta legislativa del euro digital. Tambi\u00e9n aprovech\u00f3 para [&hellip;]","og_url":"https:\/\/www.plataformadenaria.com\/en\/2023\/10\/24\/interview-to-javier-ruperez-in-the-cope-by-angel-exposito\/","og_site_name":"Denaria","article_published_time":"2023-10-24T10:52:21+00:00","article_modified_time":"2023-11-28T10:01:04+00:00","og_image":[{"width":990,"height":671,"url":"https:\/\/www.plataformadenaria.com\/wp-content\/uploads\/2022\/10\/plataforma-denaria.png","type":"image\/png"}],"author":"pdenaria","twitter_card":"summary_large_image","twitter_misc":{"Written by":"pdenaria","Est. reading time":"1 minute"},"schema":{"@context":"https:\/\/schema.org","@graph":[{"@type":"WebPage","@id":"https:\/\/www.plataformadenaria.com\/en\/2023\/10\/24\/interview-to-javier-ruperez-in-the-cope-by-angel-exposito\/","url":"https:\/\/www.plataformadenaria.com\/en\/2023\/10\/24\/interview-to-javier-ruperez-in-the-cope-by-angel-exposito\/","name":"Interview to Javier Rup\u00e9rez in the Cope by \u00c1ngel Exp\u00f3sito - Denaria","isPartOf":{"@id":"https:\/\/www.plataformadenaria.com\/#website"},"primaryImageOfPage":{"@id":"https:\/\/www.plataformadenaria.com\/en\/2023\/10\/24\/interview-to-javier-ruperez-in-the-cope-by-angel-exposito\/#primaryimage"},"image":{"@id":"https:\/\/www.plataformadenaria.com\/en\/2023\/10\/24\/interview-to-javier-ruperez-in-the-cope-by-angel-exposito\/#primaryimage"},"thumbnailUrl":"https:\/\/www.plataformadenaria.com\/wp-content\/uploads\/2022\/10\/plataforma-denaria.png","datePublished":"2023-10-24T10:52:21+00:00","dateModified":"2023-11-28T10:01:04+00:00","author":{"@id":"https:\/\/www.plataformadenaria.com\/#\/schema\/person\/9fe514788f94253d68a2d379d3f65c53"},"inLanguage":"en-US","potentialAction":[{"@type":"ReadAction","target":["https:\/\/www.plataformadenaria.com\/en\/2023\/10\/24\/interview-to-javier-ruperez-in-the-cope-by-angel-exposito\/"]}]},{"@type":"ImageObject","inLanguage":"en-US","@id":"https:\/\/www.plataformadenaria.com\/en\/2023\/10\/24\/interview-to-javier-ruperez-in-the-cope-by-angel-exposito\/#primaryimage","url":"https:\/\/www.plataformadenaria.com\/wp-content\/uploads\/2022\/10\/plataforma-denaria.png","contentUrl":"https:\/\/www.plataformadenaria.com\/wp-content\/uploads\/2022\/10\/plataforma-denaria.png","width":990,"height":671},{"@type":"WebSite","@id":"https:\/\/www.plataformadenaria.com\/#website","url":"https:\/\/www.plataformadenaria.com\/","name":"Denaria","description":"Plataforma Denaria","potentialAction":[{"@type":"SearchAction","target":{"@type":"EntryPoint","urlTemplate":"https:\/\/www.plataformadenaria.com\/?s={search_term_string}"},"query-input":{"@type":"PropertyValueSpecification","valueRequired":true,"valueName":"search_term_string"}}],"inLanguage":"en-US"},{"@type":"Person","@id":"https:\/\/www.plataformadenaria.com\/#\/schema\/person\/9fe514788f94253d68a2d379d3f65c53","name":"pdenaria","image":{"@type":"ImageObject","inLanguage":"en-US","@id":"https:\/\/www.plataformadenaria.com\/#\/schema\/person\/image\/","url":"https:\/\/secure.gravatar.com\/avatar\/6d581fefc47344f9c33caca9749a8fc866f9a53f908cec60853e93b77c3e7bfb?s=96&d=mm&r=g","contentUrl":"https:\/\/secure.gravatar.com\/avatar\/6d581fefc47344f9c33caca9749a8fc866f9a53f908cec60853e93b77c3e7bfb?s=96&d=mm&r=g","caption":"pdenaria"},"url":"https:\/\/www.plataformadenaria.com\/en\/author\/pdenaria\/"}]}},"_links":{"self":[{"href":"https:\/\/www.plataformadenaria.com\/en\/wp-json\/wp\/v2\/posts\/5223","targetHints":{"allow":["GET"]}}],"collection":[{"href":"https:\/\/www.plataformadenaria.com\/en\/wp-json\/wp\/v2\/posts"}],"about":[{"href":"https:\/\/www.plataformadenaria.com\/en\/wp-json\/wp\/v2\/types\/post"}],"author":[{"embeddable":true,"href":"https:\/\/www.plataformadenaria.com\/en\/wp-json\/wp\/v2\/users\/3"}],"replies":[{"embeddable":true,"href":"https:\/\/www.plataformadenaria.com\/en\/wp-json\/wp\/v2\/comments?post=5223"}],"version-history":[{"count":1,"href":"https:\/\/www.plataformadenaria.com\/en\/wp-json\/wp\/v2\/posts\/5223\/revisions"}],"predecessor-version":[{"id":5556,"href":"https:\/\/www.plataformadenaria.com\/en\/wp-json\/wp\/v2\/posts\/5223\/revisions\/5556"}],"wp:featuredmedia":[{"embeddable":true,"href":"https:\/\/www.plataformadenaria.com\/en\/wp-json\/wp\/v2\/media\/2229"}],"wp:attachment":[{"href":"https:\/\/www.plataformadenaria.com\/en\/wp-json\/wp\/v2\/media?parent=5223"}],"wp:term":[{"taxonomy":"category","embeddable":true,"href":"https:\/\/www.plataformadenaria.com\/en\/wp-json\/wp\/v2\/categories?post=5223"},{"taxonomy":"post_tag","embeddable":true,"href":"https:\/\/www.plataformadenaria.com\/en\/wp-json\/wp\/v2\/tags?post=5223"}],"curies":[{"name":"wp","href":"https:\/\/api.w.org\/{rel}","templated":true}]}}