{"id":17699,"date":"2025-11-19T10:18:03","date_gmt":"2025-11-19T09:18:03","guid":{"rendered":"https:\/\/www.plataformadenaria.com\/2025\/11\/19\/javier-ruperez-defiende-el-valor-del-dinero-en-efectivo-hoy-jornadas-de-denaria-y-caja-rural-en-la-diputacion\/"},"modified":"2025-12-19T10:21:12","modified_gmt":"2025-12-19T09:21:12","slug":"javier-ruperez-defends-the-value-of-cash-today-conferences-by-denaria-and-caja-rural-at-the-provincial-council","status":"publish","type":"post","link":"https:\/\/www.plataformadenaria.com\/en\/2025\/11\/19\/javier-ruperez-defends-the-value-of-cash-today-conferences-by-denaria-and-caja-rural-at-the-provincial-council\/","title":{"rendered":"Javier Rup\u00e9rez defends the value of cash: Today, conferences by Denaria and Caja Rural at the Provincial Council"},"content":{"rendered":"<p data-renderer-start-pos=\"113\">La Fundaci\u00f3n Denaria convertir\u00e1 Ja\u00e9n en punto de encuentro nacional para reflexionar sobre el presente y el futuro del sistema financiero. Las jornadas \u2014que se celebran ma\u00f1ana, 20 de noviembre, en el Aula de Cultura de la Diputaci\u00f3n Provincial\u2014, reunir\u00e1n a expertos acad\u00e9micos, representantes institucionales y agentes del sector bancario para debatir sobre los retos econ\u00f3micos que marcan la agenda p\u00fablica: desde la estabilidad monetaria hasta la educaci\u00f3n financiera y el papel social de las entidades de cr\u00e9dito.<\/p>\n<p data-renderer-start-pos=\"631\"><strong data-renderer-mark=\"true\">\u2014Las jornadas se centrar\u00e1n en defender el efectivo como garant\u00eda de una transici\u00f3n digital justa, inclusiva y segura. \u00bfQu\u00e9 riesgos detecta Denaria en la digitalizaci\u00f3n acelerada de los pagos?<\/strong><\/p>\n<p data-renderer-start-pos=\"824\">\u2014Denaria transmite, con un cierto \u00e9xito, primero, que el efectivo es la parte central del sistema econ\u00f3mico. Es dif\u00edcil imaginar una econom\u00eda social de mercado sin su existencia. Segundo, el efectivo lo que garantiza en la vida econ\u00f3mica es una libertad, seguridad y privacidad que son dif\u00edciles de encontrar en otros sistemas de pago. Tercero, que el efectivo, al mismo tiempo, favorece el acceso al sistema econ\u00f3mico de toda una serie de ciudadanos que est\u00e1n fuera de las grandes ciudades. Y cuarto, el efectivo garantiza la presencia en la vida econ\u00f3mica cuando se producen situaciones catastr\u00f3ficas, como por ejemplo lo que vivimos hace todav\u00eda pocos meses, que fue el apag\u00f3n.<\/p>\n<p data-renderer-start-pos=\"1506\"><strong data-renderer-mark=\"true\">\u2014El programa de estas jornadas establece que limitar el acceso al efectivo afecta a derechos fundamentales. \u00bfPor qu\u00e9 considera que el uso de dinero f\u00edsico tiene una dimensi\u00f3n democr\u00e1tica y casi de libertad individual?<\/strong><\/p>\n<p data-renderer-start-pos=\"1725\">\u2014La provincia de Ja\u00e9n es un ejemplo magn\u00edfico para demostrar c\u00f3mo funciona el efectivo y, sobre todo, el acceso a \u00e9l. Ja\u00e9n da el ejemplo a toda Espa\u00f1a y posiblemente a gran parte de Europa en lo que es garantizar que los ciudadanos tengan acceso al efectivo a trav\u00e9s de los sistemas correspondientes, cosa que desgraciadamente no existe todav\u00eda en muchos otros lugares, donde hay pueblos peque\u00f1os, de menos de 500 habitantes, que no tienen f\u00e1cil acceso presencial al efectivo. Los jiennenses pueden y deben estar orgullosos de lo que han conseguido y de lo que promueven. Hablaremos precisamente de eso, adem\u00e1s, en un sitio donde se sabe perfectamente qu\u00e9 es lo que significa el efectivo en cuanto a la seguridad y acceso a la vida econ\u00f3mica. Es central y estamos enormemente contentos, satisfechos y agradecidos de que la provincia de Ja\u00e9n nos ofrezca la posibilidad de exponer este tipo de planteamientos.<\/p>\n<p data-renderer-start-pos=\"2634\"><strong data-renderer-mark=\"true\">\u2014Caja Rural tiene presencia en los 97 municipios para dar acceso a las personas mayores que viven en la Ja\u00e9n rural, las grandes discriminadas de un sistema financiero que depende cada vez m\u00e1s de medios digitales.<\/strong><\/p>\n<p data-renderer-start-pos=\"2848\">\u2014Por eso Ja\u00e9n es un ejemplo realmente magn\u00edfico y, desde luego, digno de ser copiado. La sociedad jiennense demuestra que tiene capacidad, voluntad y deseo, y al mismo tiempo tecnolog\u00eda, para garantizar el acceso al efectivo de todos, vivan donde vivan.<\/p>\n<p data-renderer-start-pos=\"3105\"><strong data-renderer-mark=\"true\">\u2014\u00bfLlevar\u00e1n estas jornadas a otros puntos o la cita es \u00fanica y exclusivamente en Ja\u00e9n?<\/strong><\/p>\n<p data-renderer-start-pos=\"3192\">\u2014De momento es en Ja\u00e9n. Hace una semana estuvimos en Valencia y tenemos previstas varias desviaciones. Una de las cosas que haremos, precisamente la semana pr\u00f3xima, es presentar el resultado de la encuesta que hacemos todos los a\u00f1os para saber exactamente cu\u00e1l es la situaci\u00f3n del efectivo en la vida econ\u00f3mica.<\/p>\n<p data-renderer-start-pos=\"3507\"><strong data-renderer-mark=\"true\">\u2014\u00bfPodr\u00eda avanzar algunos resultados de la encuesta? Al menos el m\u00e1s llamativo.<\/strong><\/p>\n<p data-renderer-start-pos=\"3587\">\u2014La encuesta dice que hay un 60% de la poblaci\u00f3n espa\u00f1ola que utiliza el efectivo y un 70% que, aunque no lo utilice, dice que quiere que el efectivo exista. Naturalmente, el acceso y uso de los sistemas digitales es muy grande. No luchamos contra \u00e9l, sino por mantener el efectivo.<\/p>\n<p data-renderer-start-pos=\"3871\"><strong data-renderer-mark=\"true\">\u2014En la mesa con asociaciones se abordar\u00e1 el efectivo desde la vida cotidiana: mayores, personas con discapacidad, mujeres rurales. \u00bfQu\u00e9 escucha Denaria de estos colectivos? \u00bfQu\u00e9 transmiten y qu\u00e9 cambios pide la plataforma a las administraciones p\u00fablicas y al sector financiero?<\/strong><\/p>\n<p data-renderer-start-pos=\"4150\">\u2014El mantenimiento del efectivo como sistema de pago. Eso no lo inventa Denaria, sino que est\u00e1 garantizado por ley. En segundo lugar, que todos los estamentos p\u00fablicos y privados respeten esa ley, que lo que dice es que es obligatoria la aceptaci\u00f3n del efectivo. Tercero, que tomen todas las medidas correspondientes para que la ley sea efectiva y responda a sus planteamientos. Cuarto, por consiguiente, que tanto sectores p\u00fablicos como privados garanticen el acceso al efectivo para cumplir con la normativa. Hay otros datos en los que trabajamos. Por ejemplo, la ley espa\u00f1ola sobre la obligatoriedad del acceso al efectivo es una manifestaci\u00f3n de la ley europea, que establece toda una serie de accesos cuantitativos al efectivo, de manera que da a elegir a cada uno de los pa\u00edses miembros. En Espa\u00f1a el acceso es muy corto, est\u00e1 en los 1.000 euros, y trabajamos para elevar esa cantidad y alcanzar lo m\u00e1ximo previsto, que son 10.000 euros. \u00bfPor qu\u00e9? Para que el efectivo sea algo real y no sea pura y simplemente una afirmaci\u00f3n te\u00f3rica.<\/p>\n<p data-renderer-start-pos=\"5191\"><strong data-renderer-mark=\"true\">\u2014El Gobierno y el Banco Central Europeo trabajan en el euro digital. \u00bfEs compatible con la defensa del efectivo o teme que sea la antesala de su desaparici\u00f3n?<\/strong><\/p>\n<p data-renderer-start-pos=\"5351\">\u2014Tenemos dudas respecto al papel que va a jugar el euro digital. La primera pregunta que nos hacemos y para la que todav\u00eda no tenemos una respuesta es qu\u00e9 es lo que el euro digital aporta que a\u00fan no exista. Al fin y al cabo, tenemos tarjetas que son digitales y que est\u00e1n cuantificadas en euros. \u00bfQu\u00e9 es lo que a\u00f1ade? Hay toda una serie de explicaciones que vienen del Banco Central Europeo, que quiere luchar contra la preeminencia del d\u00f3lar. Hay otras explicaciones que tienen que ver con el funcionamiento de la vida econ\u00f3mica misma. Denaria no lucha contra el euro digital, lo que quiere es que expliquen exactamente para qu\u00e9 sirve, a d\u00f3nde va... Lo que comprobamos es que incluso aquellos que lo promueven tienen muchas dudas. La \u00faltima noticia que tenemos al respecto es que el euro digital no entrar\u00e1 en vigor antes del a\u00f1o 27, cuando hace pocas semanas nos dec\u00edan que estaba pr\u00e1cticamente a punto de entrar en circulaci\u00f3n. La verdad es que no puedo ir m\u00e1s all\u00e1. Trabajamos en ello y pedimos todo tipo de informaciones que lo que hacen es subrayar las dudas que tenemos. En cualquier caso, con euro digital o sin \u00e9l, el efectivo seguir\u00e1 jugando un papel central en la vida econ\u00f3mica.<\/p>\n<p data-renderer-start-pos=\"6545\"><strong data-renderer-mark=\"true\">\u2014Denaria es cada vez m\u00e1s visible en el debate nacional sobre medios de pago. \u00bfQu\u00e9 objetivos se marca la plataforma para 2026? \u00bfM\u00e1s regulaci\u00f3n, m\u00e1s infraestructura, m\u00e1s sensibilizaci\u00f3n?<\/strong><\/p>\n<p data-renderer-start-pos=\"6731\">\u2014Estamos en todo ello. El objetivo que tenemos desde el principio es el afirmar y conseguir, desde todos los puntos de vista, tanto econ\u00f3micos como sociales y pol\u00edticos, el respeto al dinero en efectivo con facilidad de acceso y como un derecho b\u00e1sico de la ciudadan\u00eda.<\/p>\n<p data-renderer-start-pos=\"7002\">Fuente: <a href=\"https:\/\/www.diariojaen.es\/jaen\/javier-ruperez-defiende-el-valor-del-dinero-en-efectivo-hoy-jornadas-de-denaria-y-caja-rural-en-la-diputacion-MB10994181\" target=\"_blank\" rel=\"noopener\"><span style=\"text-decoration: underline;\"><strong>Diario Jaen<\/strong><\/span><\/a><\/p>\n","protected":false},"excerpt":{"rendered":"<p>La Fundaci\u00f3n Denaria convertir\u00e1 Ja\u00e9n en punto de encuentro nacional para reflexionar sobre el presente y el futuro del sistema financiero. Las jornadas \u2014que se celebran ma\u00f1ana, 20 de noviembre, en el Aula de Cultura de la Diputaci\u00f3n Provincial\u2014, reunir\u00e1n a expertos acad\u00e9micos, representantes institucionales y agentes del sector bancario para debatir sobre los retos [&hellip;]<\/p>\n","protected":false},"author":3,"featured_media":2332,"comment_status":"open","ping_status":"closed","sticky":false,"template":"","format":"standard","meta":{"footnotes":""},"categories":[31],"tags":[],"class_list":["post-17699","post","type-post","status-publish","format-standard","has-post-thumbnail","hentry","category-denaria-opinion"],"yoast_head":"<!-- This site is optimized with the Yoast SEO plugin v25.1 - https:\/\/yoast.com\/wordpress\/plugins\/seo\/ -->\n<title>Javier Rup\u00e9rez defends the value of cash: Today, conferences by Denaria and Caja Rural at the Provincial Council - Denaria<\/title>\n<meta name=\"robots\" content=\"index, follow, max-snippet:-1, max-image-preview:large, max-video-preview:-1\" \/>\n<link rel=\"canonical\" href=\"https:\/\/www.plataformadenaria.com\/en\/2025\/11\/19\/javier-ruperez-defends-the-value-of-cash-today-conferences-by-denaria-and-caja-rural-at-the-provincial-council\/\" \/>\n<meta property=\"og:locale\" content=\"en_US\" \/>\n<meta property=\"og:type\" content=\"article\" \/>\n<meta property=\"og:title\" content=\"Javier Rup\u00e9rez defends the value of cash: Today, conferences by Denaria and Caja Rural at the Provincial Council - Denaria\" \/>\n<meta property=\"og:description\" content=\"La Fundaci\u00f3n Denaria convertir\u00e1 Ja\u00e9n en punto de encuentro nacional para reflexionar sobre el presente y el futuro del sistema financiero. Las jornadas \u2014que se celebran ma\u00f1ana, 20 de noviembre, en el Aula de Cultura de la Diputaci\u00f3n Provincial\u2014, reunir\u00e1n a expertos acad\u00e9micos, representantes institucionales y agentes del sector bancario para debatir sobre los retos [&hellip;]\" \/>\n<meta property=\"og:url\" content=\"https:\/\/www.plataformadenaria.com\/en\/2025\/11\/19\/javier-ruperez-defends-the-value-of-cash-today-conferences-by-denaria-and-caja-rural-at-the-provincial-council\/\" \/>\n<meta property=\"og:site_name\" content=\"Denaria\" \/>\n<meta property=\"article:published_time\" content=\"2025-11-19T09:18:03+00:00\" \/>\n<meta property=\"article:modified_time\" content=\"2025-12-19T09:21:12+00:00\" \/>\n<meta property=\"og:image\" content=\"https:\/\/www.plataformadenaria.com\/wp-content\/uploads\/2022\/11\/noticia-denaria-efectivo.png\" \/>\n\t<meta property=\"og:image:width\" content=\"1920\" \/>\n\t<meta property=\"og:image:height\" content=\"1302\" \/>\n\t<meta property=\"og:image:type\" content=\"image\/png\" \/>\n<meta name=\"author\" content=\"pdenaria\" \/>\n<meta name=\"twitter:card\" content=\"summary_large_image\" \/>\n<meta name=\"twitter:label1\" content=\"Written by\" \/>\n\t<meta name=\"twitter:data1\" content=\"pdenaria\" \/>\n\t<meta name=\"twitter:label2\" content=\"Est. reading time\" \/>\n\t<meta name=\"twitter:data2\" content=\"6 minutes\" \/>\n<script type=\"application\/ld+json\" class=\"yoast-schema-graph\">{\"@context\":\"https:\/\/schema.org\",\"@graph\":[{\"@type\":\"WebPage\",\"@id\":\"https:\/\/www.plataformadenaria.com\/en\/2025\/11\/19\/javier-ruperez-defends-the-value-of-cash-today-conferences-by-denaria-and-caja-rural-at-the-provincial-council\/\",\"url\":\"https:\/\/www.plataformadenaria.com\/en\/2025\/11\/19\/javier-ruperez-defends-the-value-of-cash-today-conferences-by-denaria-and-caja-rural-at-the-provincial-council\/\",\"name\":\"Javier Rup\u00e9rez defends the value of cash: Today, conferences by Denaria and Caja Rural at the Provincial Council - Denaria\",\"isPartOf\":{\"@id\":\"https:\/\/www.plataformadenaria.com\/#website\"},\"primaryImageOfPage\":{\"@id\":\"https:\/\/www.plataformadenaria.com\/en\/2025\/11\/19\/javier-ruperez-defends-the-value-of-cash-today-conferences-by-denaria-and-caja-rural-at-the-provincial-council\/#primaryimage\"},\"image\":{\"@id\":\"https:\/\/www.plataformadenaria.com\/en\/2025\/11\/19\/javier-ruperez-defends-the-value-of-cash-today-conferences-by-denaria-and-caja-rural-at-the-provincial-council\/#primaryimage\"},\"thumbnailUrl\":\"https:\/\/www.plataformadenaria.com\/wp-content\/uploads\/2022\/11\/noticia-denaria-efectivo.png\",\"datePublished\":\"2025-11-19T09:18:03+00:00\",\"dateModified\":\"2025-12-19T09:21:12+00:00\",\"author\":{\"@id\":\"https:\/\/www.plataformadenaria.com\/#\/schema\/person\/9fe514788f94253d68a2d379d3f65c53\"},\"inLanguage\":\"en-US\",\"potentialAction\":[{\"@type\":\"ReadAction\",\"target\":[\"https:\/\/www.plataformadenaria.com\/en\/2025\/11\/19\/javier-ruperez-defends-the-value-of-cash-today-conferences-by-denaria-and-caja-rural-at-the-provincial-council\/\"]}]},{\"@type\":\"ImageObject\",\"inLanguage\":\"en-US\",\"@id\":\"https:\/\/www.plataformadenaria.com\/en\/2025\/11\/19\/javier-ruperez-defends-the-value-of-cash-today-conferences-by-denaria-and-caja-rural-at-the-provincial-council\/#primaryimage\",\"url\":\"https:\/\/www.plataformadenaria.com\/wp-content\/uploads\/2022\/11\/noticia-denaria-efectivo.png\",\"contentUrl\":\"https:\/\/www.plataformadenaria.com\/wp-content\/uploads\/2022\/11\/noticia-denaria-efectivo.png\",\"width\":1920,\"height\":1302},{\"@type\":\"WebSite\",\"@id\":\"https:\/\/www.plataformadenaria.com\/#website\",\"url\":\"https:\/\/www.plataformadenaria.com\/\",\"name\":\"Denaria\",\"description\":\"Plataforma Denaria\",\"potentialAction\":[{\"@type\":\"SearchAction\",\"target\":{\"@type\":\"EntryPoint\",\"urlTemplate\":\"https:\/\/www.plataformadenaria.com\/?s={search_term_string}\"},\"query-input\":{\"@type\":\"PropertyValueSpecification\",\"valueRequired\":true,\"valueName\":\"search_term_string\"}}],\"inLanguage\":\"en-US\"},{\"@type\":\"Person\",\"@id\":\"https:\/\/www.plataformadenaria.com\/#\/schema\/person\/9fe514788f94253d68a2d379d3f65c53\",\"name\":\"pdenaria\",\"image\":{\"@type\":\"ImageObject\",\"inLanguage\":\"en-US\",\"@id\":\"https:\/\/www.plataformadenaria.com\/#\/schema\/person\/image\/\",\"url\":\"https:\/\/secure.gravatar.com\/avatar\/6d581fefc47344f9c33caca9749a8fc866f9a53f908cec60853e93b77c3e7bfb?s=96&d=mm&r=g\",\"contentUrl\":\"https:\/\/secure.gravatar.com\/avatar\/6d581fefc47344f9c33caca9749a8fc866f9a53f908cec60853e93b77c3e7bfb?s=96&d=mm&r=g\",\"caption\":\"pdenaria\"},\"url\":\"https:\/\/www.plataformadenaria.com\/en\/author\/pdenaria\/\"}]}<\/script>\n<!-- \/ Yoast SEO plugin. -->","yoast_head_json":{"title":"Javier Rup\u00e9rez defends the value of cash: Today, conferences by Denaria and Caja Rural at the Provincial Council - Denaria","robots":{"index":"index","follow":"follow","max-snippet":"max-snippet:-1","max-image-preview":"max-image-preview:large","max-video-preview":"max-video-preview:-1"},"canonical":"https:\/\/www.plataformadenaria.com\/en\/2025\/11\/19\/javier-ruperez-defends-the-value-of-cash-today-conferences-by-denaria-and-caja-rural-at-the-provincial-council\/","og_locale":"en_US","og_type":"article","og_title":"Javier Rup\u00e9rez defends the value of cash: Today, conferences by Denaria and Caja Rural at the Provincial Council - Denaria","og_description":"La Fundaci\u00f3n Denaria convertir\u00e1 Ja\u00e9n en punto de encuentro nacional para reflexionar sobre el presente y el futuro del sistema financiero. Las jornadas \u2014que se celebran ma\u00f1ana, 20 de noviembre, en el Aula de Cultura de la Diputaci\u00f3n Provincial\u2014, reunir\u00e1n a expertos acad\u00e9micos, representantes institucionales y agentes del sector bancario para debatir sobre los retos [&hellip;]","og_url":"https:\/\/www.plataformadenaria.com\/en\/2025\/11\/19\/javier-ruperez-defends-the-value-of-cash-today-conferences-by-denaria-and-caja-rural-at-the-provincial-council\/","og_site_name":"Denaria","article_published_time":"2025-11-19T09:18:03+00:00","article_modified_time":"2025-12-19T09:21:12+00:00","og_image":[{"width":1920,"height":1302,"url":"https:\/\/www.plataformadenaria.com\/wp-content\/uploads\/2022\/11\/noticia-denaria-efectivo.png","type":"image\/png"}],"author":"pdenaria","twitter_card":"summary_large_image","twitter_misc":{"Written by":"pdenaria","Est. reading time":"6 minutes"},"schema":{"@context":"https:\/\/schema.org","@graph":[{"@type":"WebPage","@id":"https:\/\/www.plataformadenaria.com\/en\/2025\/11\/19\/javier-ruperez-defends-the-value-of-cash-today-conferences-by-denaria-and-caja-rural-at-the-provincial-council\/","url":"https:\/\/www.plataformadenaria.com\/en\/2025\/11\/19\/javier-ruperez-defends-the-value-of-cash-today-conferences-by-denaria-and-caja-rural-at-the-provincial-council\/","name":"Javier Rup\u00e9rez defends the value of cash: Today, conferences by Denaria and Caja Rural at the Provincial Council - Denaria","isPartOf":{"@id":"https:\/\/www.plataformadenaria.com\/#website"},"primaryImageOfPage":{"@id":"https:\/\/www.plataformadenaria.com\/en\/2025\/11\/19\/javier-ruperez-defends-the-value-of-cash-today-conferences-by-denaria-and-caja-rural-at-the-provincial-council\/#primaryimage"},"image":{"@id":"https:\/\/www.plataformadenaria.com\/en\/2025\/11\/19\/javier-ruperez-defends-the-value-of-cash-today-conferences-by-denaria-and-caja-rural-at-the-provincial-council\/#primaryimage"},"thumbnailUrl":"https:\/\/www.plataformadenaria.com\/wp-content\/uploads\/2022\/11\/noticia-denaria-efectivo.png","datePublished":"2025-11-19T09:18:03+00:00","dateModified":"2025-12-19T09:21:12+00:00","author":{"@id":"https:\/\/www.plataformadenaria.com\/#\/schema\/person\/9fe514788f94253d68a2d379d3f65c53"},"inLanguage":"en-US","potentialAction":[{"@type":"ReadAction","target":["https:\/\/www.plataformadenaria.com\/en\/2025\/11\/19\/javier-ruperez-defends-the-value-of-cash-today-conferences-by-denaria-and-caja-rural-at-the-provincial-council\/"]}]},{"@type":"ImageObject","inLanguage":"en-US","@id":"https:\/\/www.plataformadenaria.com\/en\/2025\/11\/19\/javier-ruperez-defends-the-value-of-cash-today-conferences-by-denaria-and-caja-rural-at-the-provincial-council\/#primaryimage","url":"https:\/\/www.plataformadenaria.com\/wp-content\/uploads\/2022\/11\/noticia-denaria-efectivo.png","contentUrl":"https:\/\/www.plataformadenaria.com\/wp-content\/uploads\/2022\/11\/noticia-denaria-efectivo.png","width":1920,"height":1302},{"@type":"WebSite","@id":"https:\/\/www.plataformadenaria.com\/#website","url":"https:\/\/www.plataformadenaria.com\/","name":"Denaria","description":"Plataforma Denaria","potentialAction":[{"@type":"SearchAction","target":{"@type":"EntryPoint","urlTemplate":"https:\/\/www.plataformadenaria.com\/?s={search_term_string}"},"query-input":{"@type":"PropertyValueSpecification","valueRequired":true,"valueName":"search_term_string"}}],"inLanguage":"en-US"},{"@type":"Person","@id":"https:\/\/www.plataformadenaria.com\/#\/schema\/person\/9fe514788f94253d68a2d379d3f65c53","name":"pdenaria","image":{"@type":"ImageObject","inLanguage":"en-US","@id":"https:\/\/www.plataformadenaria.com\/#\/schema\/person\/image\/","url":"https:\/\/secure.gravatar.com\/avatar\/6d581fefc47344f9c33caca9749a8fc866f9a53f908cec60853e93b77c3e7bfb?s=96&d=mm&r=g","contentUrl":"https:\/\/secure.gravatar.com\/avatar\/6d581fefc47344f9c33caca9749a8fc866f9a53f908cec60853e93b77c3e7bfb?s=96&d=mm&r=g","caption":"pdenaria"},"url":"https:\/\/www.plataformadenaria.com\/en\/author\/pdenaria\/"}]}},"_links":{"self":[{"href":"https:\/\/www.plataformadenaria.com\/en\/wp-json\/wp\/v2\/posts\/17699","targetHints":{"allow":["GET"]}}],"collection":[{"href":"https:\/\/www.plataformadenaria.com\/en\/wp-json\/wp\/v2\/posts"}],"about":[{"href":"https:\/\/www.plataformadenaria.com\/en\/wp-json\/wp\/v2\/types\/post"}],"author":[{"embeddable":true,"href":"https:\/\/www.plataformadenaria.com\/en\/wp-json\/wp\/v2\/users\/3"}],"replies":[{"embeddable":true,"href":"https:\/\/www.plataformadenaria.com\/en\/wp-json\/wp\/v2\/comments?post=17699"}],"version-history":[{"count":1,"href":"https:\/\/www.plataformadenaria.com\/en\/wp-json\/wp\/v2\/posts\/17699\/revisions"}],"predecessor-version":[{"id":17700,"href":"https:\/\/www.plataformadenaria.com\/en\/wp-json\/wp\/v2\/posts\/17699\/revisions\/17700"}],"wp:featuredmedia":[{"embeddable":true,"href":"https:\/\/www.plataformadenaria.com\/en\/wp-json\/wp\/v2\/media\/2332"}],"wp:attachment":[{"href":"https:\/\/www.plataformadenaria.com\/en\/wp-json\/wp\/v2\/media?parent=17699"}],"wp:term":[{"taxonomy":"category","embeddable":true,"href":"https:\/\/www.plataformadenaria.com\/en\/wp-json\/wp\/v2\/categories?post=17699"},{"taxonomy":"post_tag","embeddable":true,"href":"https:\/\/www.plataformadenaria.com\/en\/wp-json\/wp\/v2\/tags?post=17699"}],"curies":[{"name":"wp","href":"https:\/\/api.w.org\/{rel}","templated":true}]}}