{"id":14974,"date":"2025-05-28T23:17:10","date_gmt":"2025-05-28T21:17:10","guid":{"rendered":"https:\/\/www.plataformadenaria.com\/2025\/05\/28\/las-empresas-preper-no-sienten-las-piernas\/"},"modified":"2025-05-28T23:18:10","modified_gmt":"2025-05-28T21:18:10","slug":"preper-companies-dont-feel-the-legs","status":"publish","type":"post","link":"https:\/\/www.plataformadenaria.com\/en\/2025\/05\/28\/preper-companies-dont-feel-the-legs\/","title":{"rendered":"Preper' companies don't feel the legs"},"content":{"rendered":"<p data-renderer-start-pos=\"4\">\u00bfQu\u00e9 significa <em data-renderer-mark=\"true\">preper<\/em>? Los <em data-renderer-mark=\"true\">preper<\/em> son, como su propio nombre indica, individuos o grupos dedicados a prepararse para una colapso econ\u00f3mico, una cat\u00e1strofe clim\u00e1tica, una perturbaci\u00f3n del orden social o, peor a\u00fan, el \u00faltimo puesto de <a class=\"css-1rn59kg\" title=\"https:\/\/www.lavanguardia.com\/television\/20250518\/10693424\/delegacion-rtve-muestra-malestar-decepcionante-resultado-espana-eurovision-melody-le-reprochar.html\" href=\"https:\/\/www.lavanguardia.com\/television\/20250518\/10693424\/delegacion-rtve-muestra-malestar-decepcionante-resultado-espana-eurovision-melody-le-reprochar.html\" data-testid=\"link-with-safety\" data-renderer-mark=\"true\">Espa\u00f1a en Eurovisi\u00f3n<\/a>. Lo hacen con la esperanza de la profec\u00eda cumplida, de que el apocalipsis les d\u00e9 tanta raz\u00f3n como yogures del <strong data-renderer-mark=\"true\">Mercadona<\/strong> les quite. La autosuficiencia y el acopio son principios b\u00e1sicos de este movimiento con dejes libertarios y conservadores, reci\u00e9n institucionalizado gracias al <a class=\"css-1rn59kg\" title=\"https:\/\/www.lavanguardia.com\/vida\/20250511\/10661546\/hacernos-kit-supervivencia-acopio-desacomplejado.html\" href=\"https:\/\/www.lavanguardia.com\/vida\/20250511\/10661546\/hacernos-kit-supervivencia-acopio-desacomplejado.html\" data-testid=\"link-with-safety\" data-renderer-mark=\"true\">kit de supervivencia<\/a> de la Comisi\u00f3n Europea y sintonizado con las preocupaciones del momento. Puestos a hacer concesiones, podr\u00eda citarse la obra Walden, de Henry David Thoreau, como precursor rom\u00e1ntico de esta fantas\u00eda de origen varonil que proclama la antinatural supervivencia del individuo al margen de la sociedad y que, todo sea dicho, gana adeptos conforme la tecnolog\u00eda nos aleja del contacto con la propia naturaleza. Porque ah\u00ed el <em data-renderer-mark=\"true\">preper<\/em> tiene raz\u00f3n: la caverna digital a\u00f1ade un intermediario m\u00e1s en nuestra relaci\u00f3n con los medios m\u00e1s b\u00e1sicos de supervivencia.<\/p>\n<p data-renderer-start-pos=\"1111\"><strong data-renderer-mark=\"true\">\u00bfQu\u00e9 tiene esto que ver con las empresas?<\/strong> Sobra decir que el <a class=\"css-1rn59kg\" title=\"https:\/\/www.lavanguardia.com\/vida\/20250428\/10624908\/caida-general-deja-suministro-electrico-toda-espana.html\" href=\"https:\/\/www.lavanguardia.com\/vida\/20250428\/10624908\/caida-general-deja-suministro-electrico-toda-espana.html\" data-testid=\"link-with-safety\" data-renderer-mark=\"true\">apag\u00f3n del 28 de abril<\/a> fue pese a su corta duraci\u00f3n un gran acontecimiento preparacionista, mucho m\u00e1s que la pandemia y la filomena, cuando las comunicaciones funcionaron de maravilla. El incidente situ\u00f3 a la sociedad, la econom\u00eda y las empresas ante el temor a un gran vah\u00eddo energ\u00e9tico, circunstancia nada desde\u00f1able en un entorno de crecientes amenazas internacionales. Cierto que el sistema cuenta con sobrada capacidad para recuperarse, pero la ca\u00edda de la red en toda la pen\u00ednsula ha hecho mella y provocado\u00a0un cierto estr\u00e9s postraum\u00e1tico entre las empresas. El\u00a0<em data-renderer-mark=\"true\">preper<\/em> por excelencia, Rambo, aquel h\u00e9roe republicano curtido en la escuela de negocios del Vietnam, ya nos puso al corriente de este s\u00edndrome. <a class=\"css-1rn59kg\" title=\"https:\/\/www.youtube.com\/watch?v=A3-71jj9n88\" href=\"https:\/\/www.youtube.com\/watch?v=A3-71jj9n88\" data-testid=\"link-with-safety\" data-renderer-mark=\"true\">\"No siento las piernas\"<\/a>, dec\u00eda al describir la escena que le atormentaba. Estos d\u00edas, las empresas tambi\u00e9n han comenzado a exhibir sus habilidades m\u00e1s <em data-renderer-mark=\"true\">preper<\/em>, las capaces de librar a la econom\u00eda de lo peor, de evitar precisamente el descenso al averno de las latas de at\u00fan y los transistores a pilas. Algunas de ellas\u00a0nos recuerdan\u00a0la necesidad\u00a0de\u00a0que\u00a0la econom\u00eda conserve su propio kit de supervivencia.<\/p>\n<p data-renderer-start-pos=\"2290\"><strong data-renderer-mark=\"true\">\u201cEl denostado di\u00e9sel salv\u00f3 a este pa\u00eds\u201d<\/strong>. La <a class=\"css-1rn59kg\" title=\"https:\/\/www.elcorreo.com\/economia\/imaz-asegura-denostado-diesel-salvo-apagon-20250517001237-nt.html?ref=https:\/\/www.google.com\/\" href=\"https:\/\/www.elcorreo.com\/economia\/imaz-asegura-denostado-diesel-salvo-apagon-20250517001237-nt.html?ref=https:\/\/www.google.com\/\" data-testid=\"link-with-safety\" data-renderer-mark=\"true\">frase<\/a>, pronunciada hace unos d\u00edas, es del consejero delegado de Repsol, Josu Jon Imaz. Los grupos electr\u00f3genos permitieron el funcionamiento de hospitales, aeropuertos e instalaciones cr\u00edticas. Impidieron que a pie de calle el cero el\u00e9ctrico fuese un cero energ\u00e9tico, el regreso a las cavernas, a la necesidad de redescubrir el fuego y arrebat\u00e1rselo a los dioses y todo ese l\u00edo. Jordi Juan comentaba esta semana durante el <em data-renderer-mark=\"true\">akelarre<\/em> de <em data-renderer-mark=\"true\">La Vanguardia<\/em> <a class=\"css-1rn59kg\" title=\"https:\/\/www.youtube.com\/watch?v=eft652fqhtY\" href=\"https:\/\/www.youtube.com\/watch?v=eft652fqhtY\" data-testid=\"link-with-safety\" data-renderer-mark=\"true\">abierto al p\u00fablico<\/a> c\u00f3mo hubo que reducir el consumo en varios departamentos para priorizar la actividad informativa. Cierto que la electrificaci\u00f3n es imparable y que las renovables re\u00fanen las mayores virtudes. Cierto tambi\u00e9n que el sistema se recuper\u00f3 sin dramatismo. Sin embargo, el apag\u00f3n tendr\u00e1 un efecto traum\u00e1tico sobre las empresas de duraci\u00f3n imprecisa.<\/p>\n<p data-renderer-start-pos=\"3145\">Imaz se resarce como ya lo hizo en su tribuna <a class=\"css-1rn59kg\" title=\"https:\/\/www.lavanguardia.com\/economia\/20241022\/10040264\/industria-populismo.html\" href=\"https:\/\/www.lavanguardia.com\/economia\/20241022\/10040264\/industria-populismo.html\" data-testid=\"link-with-safety\" data-renderer-mark=\"true\"><em data-renderer-mark=\"true\">Industria o populismo<\/em><\/a>, publicada en <em data-renderer-mark=\"true\">La Vanguardia<\/em> cuando el impuesto energ\u00e9tico amenazaba inversiones en Catalunya o Euskadi. Insiste adem\u00e1s en uno de los elementos clave de su discurso: \u201cHay una barrera <a class=\"css-1rn59kg\" title=\"https:\/\/www.lavanguardia.com\/economia\/20231009\/9286572\/imaz-repsol-advierte-europa-perdera-carrera-tecnologica-culpa-cerrazon-ideologica.html\" href=\"https:\/\/www.lavanguardia.com\/economia\/20231009\/9286572\/imaz-repsol-advierte-europa-perdera-carrera-tecnologica-culpa-cerrazon-ideologica.html\" data-testid=\"link-with-safety\" data-renderer-mark=\"true\">ideol\u00f3gica<\/a> por encima de la tecnolog\u00eda\u201d. Si se cita a este directivo es porque, gracias a sus dotes pol\u00edticas, es el m\u00e1s activo al\u00a0cuestionar\u00a0algunas de las grandes pol\u00edticas\u00a0verdes. Apostarlo todo a las renovables o al coche el\u00e9ctrico, viene a decir, es andar sobre la cuerda floja. Su empresa est\u00e1<a class=\"css-1rn59kg\" title=\"https:\/\/www.lavanguardia.com\/economia\/20250221\/10407606\/repsol-reducira-forma-significativa-inversion-hidrogeno-verde.html\" href=\"https:\/\/www.lavanguardia.com\/economia\/20250221\/10407606\/repsol-reducira-forma-significativa-inversion-hidrogeno-verde.html\" data-testid=\"link-with-safety\" data-renderer-mark=\"true\"> atemperando el entusiasmo<\/a> por el hidr\u00f3geno, cuyo coste e implantaci\u00f3n a escala siguen siendo una inc\u00f3gnita.<\/p>\n<p data-renderer-start-pos=\"3804\">Por cierto, los hidrocarburos siguen siendo la enorme fuente de riqueza de algunos pa\u00edses, a los que pagamos en forma de dependencia y enormes transferencias econ\u00f3micas. <a class=\"css-1rn59kg\" title=\"https:\/\/www.lavanguardia.com\/economia\/20250503\/10642989\/opep-aumenta-produccion-petroleo-pese-descenso-precios.html\" href=\"https:\/\/www.lavanguardia.com\/economia\/20250503\/10642989\/opep-aumenta-produccion-petroleo-pese-descenso-precios.html\" data-testid=\"link-with-safety\" data-renderer-mark=\"true\">Aqu\u00ed<\/a> Piergiorgio M. Sandri nos cuenta algunos de los \u00faltimos avatares de su celeb\u00e9rrimo c\u00e1rtel, la OPEP. Esta semana, el ministro de Econom\u00eda, Carlos Cuerpo, ha viajado a Ryad, donde hay obsesi\u00f3n por diversificar el monocultivo econ\u00f3mico. El petr\u00f3leo ha permitido a Arabia Saud\u00ed comprar el 10% de <strong data-renderer-mark=\"true\">Telef\u00f3nica<\/strong> y hacerse con un asiento en el <a class=\"css-1rn59kg\" title=\"https:\/\/www.lavanguardia.com\/dinero\/20250124\/10315547\/saudi-telecom-declara-9-97-telefonica-intencion-entrar-consejo.html\" href=\"https:\/\/www.lavanguardia.com\/dinero\/20250124\/10315547\/saudi-telecom-declara-9-97-telefonica-intencion-entrar-consejo.html\" data-testid=\"link-with-safety\" data-renderer-mark=\"true\">consejo de administraci\u00f3n<\/a>.<\/p>\n<p data-renderer-start-pos=\"4341\"><strong data-renderer-mark=\"true\">La buj\u00eda que arranc\u00f3 el motor.<\/strong> Como dir\u00eda Bruce Springsteen en <a class=\"css-1rn59kg\" title=\"https:\/\/www.youtube.com\/watch?v=129kuDCQtHs\" href=\"https:\/\/www.youtube.com\/watch?v=129kuDCQtHs\" data-testid=\"link-with-safety\" data-renderer-mark=\"true\">Dancing in the dark<\/a> (excelente canci\u00f3n para recuperarse de los apagones an\u00edmicos), \u201d<em data-renderer-mark=\"true\">you can't start a fire without a spark<\/em>\u201d. No puedes encender el fuego sin una chispa, y la chispa que reanim\u00f3 el sistema el\u00e9ctrico ib\u00e9rico mientras millones de personas se planteaban su relaci\u00f3n con el preparacionismo se encuentra en un escarpado paraje entre Espa\u00f1a y Portugal. <a class=\"css-1rn59kg\" title=\"https:\/\/www.lavanguardia.com\/economia\/20250519\/10694440\/aldeadavila-chispa-arranco-espana.html\" href=\"https:\/\/www.lavanguardia.com\/economia\/20250519\/10694440\/aldeadavila-chispa-arranco-espana.html\" data-testid=\"link-with-safety\" data-renderer-mark=\"true\">Aqu\u00ed<\/a> Pilar Bl\u00e1zquez cuenta el papel de la central hidr\u00e1ulica de Aldead\u00e1vila al inyectar tensi\u00f3n en la red para que oferta y demanda volviesen a encontrarse. Es capaz de lograr eso que los expertos llaman \u201carranque en negro\u201d. Y ha sido escenario de exitosas pel\u00edculas de acci\u00f3n americanas como Terminator y Fast&amp;Furious, muy del gusto de la cultura <em data-renderer-mark=\"true\">preper<\/em>, sea dicho.<\/p>\n<p data-renderer-start-pos=\"5134\"><strong data-renderer-mark=\"true\">Por la ranura de las dudas en torno a las renovables se cuela la nuclear<\/strong>. Estos d\u00edas postraum\u00e1ticos no solo se reivindican las fuerzas de vulcano, que son el gas y el petr\u00f3leo, sino tambi\u00e9n las de urano, las nucleares. En el momento del apag\u00f3n la producci\u00f3n nuclear era baja, con varios reactores desconectados por cuestiones t\u00e9cnicas o de mercado, si bien no difer\u00eda mucho de la de jornadas anteriores, como explic\u00f3 la presidenta de la CNMC, Cani Fern\u00e1ndez, en su reciente comparecencia en el Congreso. Un <a class=\"css-1rn59kg\" title=\"https:\/\/www.lavanguardia.com\/economia\/20250513\/10677015\/cnmc-contempla-exceso-energia-renovable-causa-apagon-agenciaslv20250513.html\" href=\"https:\/\/www.lavanguardia.com\/economia\/20250513\/10677015\/cnmc-contempla-exceso-energia-renovable-causa-apagon-agenciaslv20250513.html\" data-testid=\"link-with-safety\" data-renderer-mark=\"true\">exceso de renovables<\/a> tampoco lo provoc\u00f3, dijo. El Gobierno insiste en desvincular la <a class=\"css-1rn59kg\" title=\"https:\/\/www.lavanguardia.com\/politica\/20250507\/10654419\/sanchez-exime-renovables-apagon-ve-irresponsable-campana-energia-nuclear-ep-agenciaslv20250507.html\" href=\"https:\/\/www.lavanguardia.com\/politica\/20250507\/10654419\/sanchez-exime-renovables-apagon-ve-irresponsable-campana-energia-nuclear-ep-agenciaslv20250507.html\" data-testid=\"link-with-safety\" data-renderer-mark=\"true\">baja producci\u00f3n<\/a> nuclear del apag\u00f3n, pero eso no impide a los representantes de esta industria armarse con nuevos argumentos para insistir en su condici\u00f3n de fuente fiable y descarbonizada.<\/p>\n<p data-renderer-start-pos=\"5916\"><strong data-renderer-mark=\"true\">De la edad del silicio a la de piedra.<\/strong> Este lunes, el Foro Nuclear ha comentado que el cierre de las nucleares supondr\u00eda el regreso a \u201cla edad de piedra\u201d, indica <a class=\"css-1rn59kg\" title=\"https:\/\/www.lavanguardia.com\/economia\/20250519\/10698512\/nucleares-confian-dialogo-gobierno-piden-rebajar-impuestos.html\" href=\"https:\/\/www.lavanguardia.com\/economia\/20250519\/10698512\/nucleares-confian-dialogo-gobierno-piden-rebajar-impuestos.html\" data-testid=\"link-with-safety\" data-renderer-mark=\"true\">aqu\u00ed<\/a> Gabriel Trindade. Una alusi\u00f3n muy <em data-renderer-mark=\"true\">preper<\/em> que viene acompa\u00f1ada de una queja en torno a los impuestos, expresi\u00f3n \u00faltima del Estado en cualquier de sus formas. Sus cuentas son las siguientes: producir un megavatio hora nuclear cuesta 36 euros, a lo que se han de sumar 18 euros en impuestos y 10 euros por la tasa Enresa (este impuesto es en realidad un fondo para el futuro desmantelamiento de las centrales). El precio medio de la electricidad en el mercado mayorista fue de 63 euros el a\u00f1o pasado. Sin embargo, es necesario abordar inversiones para mantener la vida de las nucleares. <a class=\"css-1rn59kg\" title=\"https:\/\/www.lavanguardia.com\/economia\/20250517\/10691058\/nucleares-pactan-inversion-retrasar-tres-anos-cierre-almaraz.html\" href=\"https:\/\/www.lavanguardia.com\/economia\/20250517\/10691058\/nucleares-pactan-inversion-retrasar-tres-anos-cierre-almaraz.html\" data-testid=\"link-with-safety\" data-renderer-mark=\"true\">Aqu\u00ed<\/a> Pilar Bl\u00e1zquez adelanta que <strong data-renderer-mark=\"true\">Iberdrola<\/strong>, <strong data-renderer-mark=\"true\">Endesa<\/strong> y <strong data-renderer-mark=\"true\">Naturgy<\/strong>, los propietarios de Almaraz, est\u00e1n preparando un acuerdo en este \u00e1mbito para prolongar tres a\u00f1os la vida de los dos reactores extreme\u00f1os.<\/p>\n<p data-renderer-start-pos=\"6868\"><strong data-renderer-mark=\"true\">Mientras, contin\u00faa la investigaci\u00f3n acerca de lo ocurrido.<\/strong> Especulaciones al margen, la \u00faltima informaci\u00f3n oficial es la aportada por la ministra de Transici\u00f3n Ecol\u00f3gica, Sara Aagesen, hace unos d\u00edas en el Congreso. Las primeras p\u00e9rdidas de generaci\u00f3n se produjeron en subestaciones de<a class=\"css-1rn59kg\" title=\"https:\/\/www.lavanguardia.com\/economia\/20250514\/10679697\/granada-badajoz-sevilla-aagesen-identifica-primera-vez-focos-origen-apagon.html\" href=\"https:\/\/www.lavanguardia.com\/economia\/20250514\/10679697\/granada-badajoz-sevilla-aagesen-identifica-primera-vez-focos-origen-apagon.html\" data-testid=\"link-with-safety\" data-renderer-mark=\"true\"> Granada, Badajoz y Sevilla<\/a>. Los sistemas de Red El\u00e9ctrica, como ya dijo la empresa, no han sufrido ciberataques. A partir de aqu\u00ed, las el\u00e9ctricas de Aelec --Iberdrola, Endesa y <strong data-renderer-mark=\"true\">EDP<\/strong>-- han pedido que se investiguen las <a class=\"css-1rn59kg\" title=\"https:\/\/www.lavanguardia.com\/vida\/20250520\/10703193\/electricas-piden-investigar-variaciones-extremas-tension-dias-previos-apagon-agenciaslv20250520.html\" href=\"https:\/\/www.lavanguardia.com\/vida\/20250520\/10703193\/electricas-piden-investigar-variaciones-extremas-tension-dias-previos-apagon-agenciaslv20250520.html\" data-testid=\"link-with-safety\" data-renderer-mark=\"true\">\"variaciones extremas\"<\/a> de tensi\u00f3n en la red antes del incidente. Las propias empresas <a class=\"css-1rn59kg\" title=\"https:\/\/www.lavanguardia.com\/economia\/20250522\/10707441\/nuevo-choque-ree-electricas-acceso-datos-apagon.html\" href=\"https:\/\/www.lavanguardia.com\/economia\/20250522\/10707441\/nuevo-choque-ree-electricas-acceso-datos-apagon.html\" data-testid=\"link-with-safety\" data-renderer-mark=\"true\">chocan <\/a>con Red El\u00e9ctrica en torno a los datos del apag\u00f3n. No es para menos. En juego est\u00e1 la detecci\u00f3n de las causas, los responsables y, peor a\u00fan, las indemnizaciones.<\/p>\n<p data-renderer-start-pos=\"7627\"><strong data-renderer-mark=\"true\">La agenda verde de Ribera no mira atr\u00e1s.<\/strong> Esta semana Anna Buj <a class=\"css-1rn59kg\" title=\"https:\/\/www.lavanguardia.com\/economia\/20250518\/10692745\/teresa-ribera-queremos-escalar-conflicto-ee-uu-tampoco-ingenuos.html\" href=\"https:\/\/www.lavanguardia.com\/economia\/20250518\/10692745\/teresa-ribera-queremos-escalar-conflicto-ee-uu-tampoco-ingenuos.html\" data-testid=\"link-with-safety\" data-renderer-mark=\"true\">ha entrevistado<\/a> a la vicepresidenta ejecutiva de la Comisi\u00f3n Europea, Teresa Ribera. La exministra defiende la agenda verde, que forma parte de su mandato pese al signo de los tiempos. \u201cEs intocable\u201d. Otro mensaje es en defensa de Europa, situada en \u201cla primera l\u00ednea del frente para mantener un mundo pac\u00edfico\u201d.<\/p>\n<p data-renderer-start-pos=\"8003\"><strong data-renderer-mark=\"true\">El preparacionismo alcanza tambi\u00e9n al dinero en efectivo.<\/strong> La plataforma Denaria aprovecha estos d\u00edas para enfatizar la <a class=\"css-1rn59kg\" title=\"https:\/\/www.lavanguardia.com\/dinero\/20250514\/10668670\/efectivo-dinero-apagon-crisis-emergencia-kit-comprar.html\" href=\"https:\/\/www.lavanguardia.com\/dinero\/20250514\/10668670\/efectivo-dinero-apagon-crisis-emergencia-kit-comprar.html\" data-testid=\"link-with-safety\" data-renderer-mark=\"true\">importancia de las monedas y billetes<\/a> para el funcionamiento de la sociedad ante un incidente como el apag\u00f3n. El modo anal\u00f3gico debe seguir existiendo, viene a decir. En Suecia lo tienen muy claro, como cuenta <a class=\"css-1rn59kg\" title=\"https:\/\/www.lavanguardia.com\/economia\/20241103\/10073155\/suecia-da-marcha-apuesta-convertirse-pais-efectivo.html\" href=\"https:\/\/www.lavanguardia.com\/economia\/20241103\/10073155\/suecia-da-marcha-apuesta-convertirse-pais-efectivo.html\" data-testid=\"link-with-safety\" data-renderer-mark=\"true\">aqu\u00ed<\/a> Blanca Gispert. Presidida por el exdiplom\u00e1tico Javier Rup\u00e9rez --embajador de Espa\u00f1a en Washington durante la guerra de Irak--, esta asociaci\u00f3n tiene entre sus socios empresas de gesti\u00f3n de efectivo como <strong data-renderer-mark=\"true\">Prosegur Cash<\/strong> o <strong data-renderer-mark=\"true\">Loomis<\/strong>. Que sus argumentos sea interesados no quita para que tambi\u00e9n resulten interesantes.<\/p>\n<p data-renderer-start-pos=\"8649\"><strong data-renderer-mark=\"true\">Un apunte.<\/strong> El presidente del Bundesbank, Joachim Nagel, tambi\u00e9n <a class=\"css-1rn59kg\" title=\"https:\/\/www.lavanguardia.com\/economia\/20250514\/10680334\/bundesbank-avisa-ee-uu-sera-aranceles-mas-vulnerable-inflacion-ue.html\" href=\"https:\/\/www.lavanguardia.com\/economia\/20250514\/10680334\/bundesbank-avisa-ee-uu-sera-aranceles-mas-vulnerable-inflacion-ue.html\" data-testid=\"link-with-safety\" data-renderer-mark=\"true\">ha discrepado<\/a> estos d\u00edas en Madrid de las grandes plataformas de pagos tecnol\u00f3gicos, aunque en esta ocasi\u00f3n para recelar de su pa\u00eds de origen. Defiende el euro digital como alternativa a las estadounidenses <strong data-renderer-mark=\"true\">Apple Pay<\/strong>, <strong data-renderer-mark=\"true\">Visa<\/strong> y <strong data-renderer-mark=\"true\">MasterCard<\/strong>. Lo hace en nombre de la autonom\u00eda estrat\u00e9gica europea, no de la profec\u00eda apocal\u00edptica.<\/p>\n<p data-renderer-start-pos=\"9038\">En fin, el mito de la Arcadia representa un pa\u00eds imaginario habitado por pastores cuya \u00fanica dedicaci\u00f3n es la de cantar, bailar y descansar sobre la yerba. Estadio previo a la expulsi\u00f3n del para\u00edso, al dolor de muelas, a las pantallas de Bloomberg y a los informes anuales del Banco de Espa\u00f1a, con <a class=\"css-1rn59kg\" title=\"https:\/\/www.lavanguardia.com\/economia\/20250521\/10706363\/dimite-director-economia-banco-espana-vuelve-quedar-puesto-clave-vacante.html\" href=\"https:\/\/www.lavanguardia.com\/economia\/20250521\/10706363\/dimite-director-economia-banco-espana-vuelve-quedar-puesto-clave-vacante.html\" data-testid=\"link-with-safety\" data-renderer-mark=\"true\">dimisi\u00f3n de economista jefe<\/a> incluida. La nostalgia, no exenta de trampas, asocia bienestar a motores di\u00e9sel y centrales nucleares. Sin embargo, ya no es posible volver atr\u00e1s ni siquiera en nuestra imaginaci\u00f3n colectiva. La Arcadia ha quedado reemplazada por paisajes dist\u00f3picos. Y pese a todo, el apag\u00f3n fue para muchos una fugaz oportunidad para encender un libro, abrir una linterna y reencontrar los placeres anal\u00f3gicos. Una sugerencia metapreparacionista es 'Una educaci\u00f3n', escrito por Tara Westover, que va de esto mismo, del preparacionismo. La autora cuenta la historia de su familia, dominada por un padre <em data-renderer-mark=\"true\">preper<\/em> de tomo, lomo y recortada al hombro. Que Red El\u00e9ctrica nos pille confesados.<\/p>\n<p data-renderer-start-pos=\"10036\">Fuente: <strong><span style=\"text-decoration: underline;\"><a href=\"https:\/\/www.lavanguardia.com\/dinero\/20250523\/10712607\/newsletter-dinero-empresas-preper-sienten-piernas.html\" target=\"_blank\" rel=\"noopener\">La Vanguardia<\/a><\/span><\/strong><\/p>\n","protected":false},"excerpt":{"rendered":"<p>\u00bfQu\u00e9 significa preper? Los preper son, como su propio nombre indica, individuos o grupos dedicados a prepararse para una colapso econ\u00f3mico, una cat\u00e1strofe clim\u00e1tica, una perturbaci\u00f3n del orden social o, peor a\u00fan, el \u00faltimo puesto de Espa\u00f1a en Eurovisi\u00f3n. Lo hacen con la esperanza de la profec\u00eda cumplida, de que el apocalipsis les d\u00e9 tanta [&hellip;]<\/p>\n","protected":false},"author":3,"featured_media":2229,"comment_status":"open","ping_status":"closed","sticky":false,"template":"","format":"standard","meta":{"footnotes":""},"categories":[35],"tags":[],"class_list":["post-14974","post","type-post","status-publish","format-standard","has-post-thumbnail","hentry","category-denaria-in-the-media"],"yoast_head":"<!-- This site is optimized with the Yoast SEO plugin v25.1 - https:\/\/yoast.com\/wordpress\/plugins\/seo\/ -->\n<title>Preper&#039; companies don&#039;t feel the legs - Denaria<\/title>\n<meta name=\"robots\" content=\"index, follow, max-snippet:-1, max-image-preview:large, max-video-preview:-1\" \/>\n<link rel=\"canonical\" href=\"https:\/\/www.plataformadenaria.com\/en\/2025\/05\/28\/preper-companies-dont-feel-the-legs\/\" \/>\n<meta property=\"og:locale\" content=\"en_US\" \/>\n<meta property=\"og:type\" content=\"article\" \/>\n<meta property=\"og:title\" content=\"Preper&#039; companies don&#039;t feel the legs - Denaria\" \/>\n<meta property=\"og:description\" content=\"\u00bfQu\u00e9 significa preper? Los preper son, como su propio nombre indica, individuos o grupos dedicados a prepararse para una colapso econ\u00f3mico, una cat\u00e1strofe clim\u00e1tica, una perturbaci\u00f3n del orden social o, peor a\u00fan, el \u00faltimo puesto de Espa\u00f1a en Eurovisi\u00f3n. Lo hacen con la esperanza de la profec\u00eda cumplida, de que el apocalipsis les d\u00e9 tanta [&hellip;]\" \/>\n<meta property=\"og:url\" content=\"https:\/\/www.plataformadenaria.com\/en\/2025\/05\/28\/preper-companies-dont-feel-the-legs\/\" \/>\n<meta property=\"og:site_name\" content=\"Denaria\" \/>\n<meta property=\"article:published_time\" content=\"2025-05-28T21:17:10+00:00\" \/>\n<meta property=\"article:modified_time\" content=\"2025-05-28T21:18:10+00:00\" \/>\n<meta property=\"og:image\" content=\"https:\/\/www.plataformadenaria.com\/wp-content\/uploads\/2022\/10\/plataforma-denaria.png\" \/>\n\t<meta property=\"og:image:width\" content=\"990\" \/>\n\t<meta property=\"og:image:height\" content=\"671\" \/>\n\t<meta property=\"og:image:type\" content=\"image\/png\" \/>\n<meta name=\"author\" content=\"pdenaria\" \/>\n<meta name=\"twitter:card\" content=\"summary_large_image\" \/>\n<meta name=\"twitter:label1\" content=\"Written by\" \/>\n\t<meta name=\"twitter:data1\" content=\"pdenaria\" \/>\n\t<meta name=\"twitter:label2\" content=\"Est. reading time\" \/>\n\t<meta name=\"twitter:data2\" content=\"8 minutes\" \/>\n<script type=\"application\/ld+json\" class=\"yoast-schema-graph\">{\"@context\":\"https:\/\/schema.org\",\"@graph\":[{\"@type\":\"WebPage\",\"@id\":\"https:\/\/www.plataformadenaria.com\/en\/2025\/05\/28\/preper-companies-dont-feel-the-legs\/\",\"url\":\"https:\/\/www.plataformadenaria.com\/en\/2025\/05\/28\/preper-companies-dont-feel-the-legs\/\",\"name\":\"Preper' companies don't feel the legs - Denaria\",\"isPartOf\":{\"@id\":\"https:\/\/www.plataformadenaria.com\/#website\"},\"primaryImageOfPage\":{\"@id\":\"https:\/\/www.plataformadenaria.com\/en\/2025\/05\/28\/preper-companies-dont-feel-the-legs\/#primaryimage\"},\"image\":{\"@id\":\"https:\/\/www.plataformadenaria.com\/en\/2025\/05\/28\/preper-companies-dont-feel-the-legs\/#primaryimage\"},\"thumbnailUrl\":\"https:\/\/www.plataformadenaria.com\/wp-content\/uploads\/2022\/10\/plataforma-denaria.png\",\"datePublished\":\"2025-05-28T21:17:10+00:00\",\"dateModified\":\"2025-05-28T21:18:10+00:00\",\"author\":{\"@id\":\"https:\/\/www.plataformadenaria.com\/#\/schema\/person\/9fe514788f94253d68a2d379d3f65c53\"},\"inLanguage\":\"en-US\",\"potentialAction\":[{\"@type\":\"ReadAction\",\"target\":[\"https:\/\/www.plataformadenaria.com\/en\/2025\/05\/28\/preper-companies-dont-feel-the-legs\/\"]}]},{\"@type\":\"ImageObject\",\"inLanguage\":\"en-US\",\"@id\":\"https:\/\/www.plataformadenaria.com\/en\/2025\/05\/28\/preper-companies-dont-feel-the-legs\/#primaryimage\",\"url\":\"https:\/\/www.plataformadenaria.com\/wp-content\/uploads\/2022\/10\/plataforma-denaria.png\",\"contentUrl\":\"https:\/\/www.plataformadenaria.com\/wp-content\/uploads\/2022\/10\/plataforma-denaria.png\",\"width\":990,\"height\":671},{\"@type\":\"WebSite\",\"@id\":\"https:\/\/www.plataformadenaria.com\/#website\",\"url\":\"https:\/\/www.plataformadenaria.com\/\",\"name\":\"Denaria\",\"description\":\"Plataforma Denaria\",\"potentialAction\":[{\"@type\":\"SearchAction\",\"target\":{\"@type\":\"EntryPoint\",\"urlTemplate\":\"https:\/\/www.plataformadenaria.com\/?s={search_term_string}\"},\"query-input\":{\"@type\":\"PropertyValueSpecification\",\"valueRequired\":true,\"valueName\":\"search_term_string\"}}],\"inLanguage\":\"en-US\"},{\"@type\":\"Person\",\"@id\":\"https:\/\/www.plataformadenaria.com\/#\/schema\/person\/9fe514788f94253d68a2d379d3f65c53\",\"name\":\"pdenaria\",\"image\":{\"@type\":\"ImageObject\",\"inLanguage\":\"en-US\",\"@id\":\"https:\/\/www.plataformadenaria.com\/#\/schema\/person\/image\/\",\"url\":\"https:\/\/secure.gravatar.com\/avatar\/6d581fefc47344f9c33caca9749a8fc866f9a53f908cec60853e93b77c3e7bfb?s=96&d=mm&r=g\",\"contentUrl\":\"https:\/\/secure.gravatar.com\/avatar\/6d581fefc47344f9c33caca9749a8fc866f9a53f908cec60853e93b77c3e7bfb?s=96&d=mm&r=g\",\"caption\":\"pdenaria\"},\"url\":\"https:\/\/www.plataformadenaria.com\/en\/author\/pdenaria\/\"}]}<\/script>\n<!-- \/ Yoast SEO plugin. -->","yoast_head_json":{"title":"Preper' companies don't feel the legs - Denaria","robots":{"index":"index","follow":"follow","max-snippet":"max-snippet:-1","max-image-preview":"max-image-preview:large","max-video-preview":"max-video-preview:-1"},"canonical":"https:\/\/www.plataformadenaria.com\/en\/2025\/05\/28\/preper-companies-dont-feel-the-legs\/","og_locale":"en_US","og_type":"article","og_title":"Preper' companies don't feel the legs - Denaria","og_description":"\u00bfQu\u00e9 significa preper? Los preper son, como su propio nombre indica, individuos o grupos dedicados a prepararse para una colapso econ\u00f3mico, una cat\u00e1strofe clim\u00e1tica, una perturbaci\u00f3n del orden social o, peor a\u00fan, el \u00faltimo puesto de Espa\u00f1a en Eurovisi\u00f3n. Lo hacen con la esperanza de la profec\u00eda cumplida, de que el apocalipsis les d\u00e9 tanta [&hellip;]","og_url":"https:\/\/www.plataformadenaria.com\/en\/2025\/05\/28\/preper-companies-dont-feel-the-legs\/","og_site_name":"Denaria","article_published_time":"2025-05-28T21:17:10+00:00","article_modified_time":"2025-05-28T21:18:10+00:00","og_image":[{"width":990,"height":671,"url":"https:\/\/www.plataformadenaria.com\/wp-content\/uploads\/2022\/10\/plataforma-denaria.png","type":"image\/png"}],"author":"pdenaria","twitter_card":"summary_large_image","twitter_misc":{"Written by":"pdenaria","Est. reading time":"8 minutes"},"schema":{"@context":"https:\/\/schema.org","@graph":[{"@type":"WebPage","@id":"https:\/\/www.plataformadenaria.com\/en\/2025\/05\/28\/preper-companies-dont-feel-the-legs\/","url":"https:\/\/www.plataformadenaria.com\/en\/2025\/05\/28\/preper-companies-dont-feel-the-legs\/","name":"Preper' companies don't feel the legs - Denaria","isPartOf":{"@id":"https:\/\/www.plataformadenaria.com\/#website"},"primaryImageOfPage":{"@id":"https:\/\/www.plataformadenaria.com\/en\/2025\/05\/28\/preper-companies-dont-feel-the-legs\/#primaryimage"},"image":{"@id":"https:\/\/www.plataformadenaria.com\/en\/2025\/05\/28\/preper-companies-dont-feel-the-legs\/#primaryimage"},"thumbnailUrl":"https:\/\/www.plataformadenaria.com\/wp-content\/uploads\/2022\/10\/plataforma-denaria.png","datePublished":"2025-05-28T21:17:10+00:00","dateModified":"2025-05-28T21:18:10+00:00","author":{"@id":"https:\/\/www.plataformadenaria.com\/#\/schema\/person\/9fe514788f94253d68a2d379d3f65c53"},"inLanguage":"en-US","potentialAction":[{"@type":"ReadAction","target":["https:\/\/www.plataformadenaria.com\/en\/2025\/05\/28\/preper-companies-dont-feel-the-legs\/"]}]},{"@type":"ImageObject","inLanguage":"en-US","@id":"https:\/\/www.plataformadenaria.com\/en\/2025\/05\/28\/preper-companies-dont-feel-the-legs\/#primaryimage","url":"https:\/\/www.plataformadenaria.com\/wp-content\/uploads\/2022\/10\/plataforma-denaria.png","contentUrl":"https:\/\/www.plataformadenaria.com\/wp-content\/uploads\/2022\/10\/plataforma-denaria.png","width":990,"height":671},{"@type":"WebSite","@id":"https:\/\/www.plataformadenaria.com\/#website","url":"https:\/\/www.plataformadenaria.com\/","name":"Denaria","description":"Plataforma Denaria","potentialAction":[{"@type":"SearchAction","target":{"@type":"EntryPoint","urlTemplate":"https:\/\/www.plataformadenaria.com\/?s={search_term_string}"},"query-input":{"@type":"PropertyValueSpecification","valueRequired":true,"valueName":"search_term_string"}}],"inLanguage":"en-US"},{"@type":"Person","@id":"https:\/\/www.plataformadenaria.com\/#\/schema\/person\/9fe514788f94253d68a2d379d3f65c53","name":"pdenaria","image":{"@type":"ImageObject","inLanguage":"en-US","@id":"https:\/\/www.plataformadenaria.com\/#\/schema\/person\/image\/","url":"https:\/\/secure.gravatar.com\/avatar\/6d581fefc47344f9c33caca9749a8fc866f9a53f908cec60853e93b77c3e7bfb?s=96&d=mm&r=g","contentUrl":"https:\/\/secure.gravatar.com\/avatar\/6d581fefc47344f9c33caca9749a8fc866f9a53f908cec60853e93b77c3e7bfb?s=96&d=mm&r=g","caption":"pdenaria"},"url":"https:\/\/www.plataformadenaria.com\/en\/author\/pdenaria\/"}]}},"_links":{"self":[{"href":"https:\/\/www.plataformadenaria.com\/en\/wp-json\/wp\/v2\/posts\/14974","targetHints":{"allow":["GET"]}}],"collection":[{"href":"https:\/\/www.plataformadenaria.com\/en\/wp-json\/wp\/v2\/posts"}],"about":[{"href":"https:\/\/www.plataformadenaria.com\/en\/wp-json\/wp\/v2\/types\/post"}],"author":[{"embeddable":true,"href":"https:\/\/www.plataformadenaria.com\/en\/wp-json\/wp\/v2\/users\/3"}],"replies":[{"embeddable":true,"href":"https:\/\/www.plataformadenaria.com\/en\/wp-json\/wp\/v2\/comments?post=14974"}],"version-history":[{"count":1,"href":"https:\/\/www.plataformadenaria.com\/en\/wp-json\/wp\/v2\/posts\/14974\/revisions"}],"predecessor-version":[{"id":14975,"href":"https:\/\/www.plataformadenaria.com\/en\/wp-json\/wp\/v2\/posts\/14974\/revisions\/14975"}],"wp:featuredmedia":[{"embeddable":true,"href":"https:\/\/www.plataformadenaria.com\/en\/wp-json\/wp\/v2\/media\/2229"}],"wp:attachment":[{"href":"https:\/\/www.plataformadenaria.com\/en\/wp-json\/wp\/v2\/media?parent=14974"}],"wp:term":[{"taxonomy":"category","embeddable":true,"href":"https:\/\/www.plataformadenaria.com\/en\/wp-json\/wp\/v2\/categories?post=14974"},{"taxonomy":"post_tag","embeddable":true,"href":"https:\/\/www.plataformadenaria.com\/en\/wp-json\/wp\/v2\/tags?post=14974"}],"curies":[{"name":"wp","href":"https:\/\/api.w.org\/{rel}","templated":true}]}}